                       {"id":27659,"date":"2022-04-15T14:31:16","date_gmt":"2022-04-15T20:31:16","guid":{"rendered":"https:\/\/laultimapalabra.com.mx\/portal\/?p=27659"},"modified":"2024-12-11T11:16:15","modified_gmt":"2024-12-11T17:16:15","slug":"resalta-amlo-imagen-de-jesus","status":"publish","type":"post","link":"https:\/\/laultimapalabra.com.mx\/portal\/resalta-amlo-imagen-de-jesus\/","title":{"rendered":"Resalta AMLO imagen de Jes\u00fas"},"content":{"rendered":"<p><img loading=\"lazy\" decoding=\"async\" class=\"size-medium wp-image-27660 alignleft\" src=\"https:\/\/laultimapalabra.com.mx\/portal\/wp-content\/uploads\/2022\/04\/IMG-20220415-WA0023-300x189.jpg\" alt=\"\" width=\"300\" height=\"189\" srcset=\"https:\/\/laultimapalabra.com.mx\/portal\/wp-content\/uploads\/2022\/04\/IMG-20220415-WA0023-300x189.jpg 300w, https:\/\/laultimapalabra.com.mx\/portal\/wp-content\/uploads\/2022\/04\/IMG-20220415-WA0023-768x484.jpg 768w, https:\/\/laultimapalabra.com.mx\/portal\/wp-content\/uploads\/2022\/04\/IMG-20220415-WA0023.jpg 770w\" sizes=\"auto, (max-width: 300px) 100vw, 300px\" \/>Despu\u00e9s de citar a Federico Engels y a Darwin, el presidente Andr\u00e9s Manuel L\u00f3pez Obrador se refiri\u00f3 a la figura de Jes\u00fas, en particular por su amor a los pobres y su actuaci\u00f3n consecuente a la no violencia.<br \/>\nEn mensajes de Twitter, divulgados en el d\u00eda conocido como Viernes Santo, el mandatario se refiri\u00f3 tambi\u00e9n a Gandhi y a un poema de Machado, interpretado por Serrat.<br \/>\nDijo tambi\u00e9n que es apasionante y bella la vida y la obra de Jes\u00fas, sobre todo por su sincero amor a los pobres y su actuaci\u00f3n consecuente sobre la no violencia.<br \/>\n\u201cNo es casual que Gandhi dijera: \u2018no s\u00e9 de nadie que haya hecho m\u00e1s por la humanidad que Jes\u00fas\u2019, refiri\u00f3 el Mandatario.<\/p>\n<p>Fuente: La Jornada<\/p>\n","protected":false},"excerpt":{"rendered":"<p>Despu\u00e9s de citar a Federico Engels y a Darwin, el presidente Andr\u00e9s Manuel L\u00f3pez Obrador se refiri\u00f3 a la figura de Jes\u00fas, en particular por su amor a los pobres y su actuaci\u00f3n consecuente a la no violencia. En mensajes de Twitter, divulgados en el d\u00eda conocido como Viernes Santo, el mandatario se refiri\u00f3 tambi\u00e9n [&hellip;]<\/p>\n","protected":false},"author":9,"featured_media":27661,"comment_status":"closed","ping_status":"closed","sticky":false,"template":"","format":"standard","meta":{"footnotes":""},"categories":[19],"tags":[133,4184],"class_list":["post-27659","post","type-post","status-publish","format-standard","has-post-thumbnail","hentry","category-nacional","tag-andres-manuel-lopez-obrador","tag-viernes-santo"],"_links":{"self":[{"href":"https:\/\/laultimapalabra.com.mx\/portal\/wp-json\/wp\/v2\/posts\/27659","targetHints":{"allow":["GET"]}}],"collection":[{"href":"https:\/\/laultimapalabra.com.mx\/portal\/wp-json\/wp\/v2\/posts"}],"about":[{"href":"https:\/\/laultimapalabra.com.mx\/portal\/wp-json\/wp\/v2\/types\/post"}],"author":[{"embeddable":true,"href":"https:\/\/laultimapalabra.com.mx\/portal\/wp-json\/wp\/v2\/users\/9"}],"replies":[{"embeddable":true,"href":"https:\/\/laultimapalabra.com.mx\/portal\/wp-json\/wp\/v2\/comments?post=27659"}],"version-history":[{"count":3,"href":"https:\/\/laultimapalabra.com.mx\/portal\/wp-json\/wp\/v2\/posts\/27659\/revisions"}],"predecessor-version":[{"id":76156,"href":"https:\/\/laultimapalabra.com.mx\/portal\/wp-json\/wp\/v2\/posts\/27659\/revisions\/76156"}],"wp:featuredmedia":[{"embeddable":true,"href":"https:\/\/laultimapalabra.com.mx\/portal\/wp-json\/wp\/v2\/media\/27661"}],"wp:attachment":[{"href":"https:\/\/laultimapalabra.com.mx\/portal\/wp-json\/wp\/v2\/media?parent=27659"}],"wp:term":[{"taxonomy":"category","embeddable":true,"href":"https:\/\/laultimapalabra.com.mx\/portal\/wp-json\/wp\/v2\/categories?post=27659"},{"taxonomy":"post_tag","embeddable":true,"href":"https:\/\/laultimapalabra.com.mx\/portal\/wp-json\/wp\/v2\/tags?post=27659"}],"curies":[{"name":"wp","href":"https:\/\/api.w.org\/{rel}","templated":true}]}}