                       {"id":2776,"date":"2018-08-03T01:43:03","date_gmt":"2018-08-03T01:43:03","guid":{"rendered":"http:\/\/laultimapalabra.info\/?p=2776"},"modified":"2024-12-11T08:37:22","modified_gmt":"2024-12-11T14:37:22","slug":"reclaman-servicio-de-agua-potable","status":"publish","type":"post","link":"https:\/\/laultimapalabra.com.mx\/portal\/reclaman-servicio-de-agua-potable\/","title":{"rendered":"Reclaman servicio de agua potable"},"content":{"rendered":"<p style=\"text-align: justify;\"><img loading=\"lazy\" decoding=\"async\" class=\"size-medium wp-image-2777 alignleft\" src=\"https:\/\/laultimapalabra.com.mx\/portal\/wp-content\/uploads\/2018\/08\/portada-arriba-300x225.jpg\" alt=\"\" width=\"300\" height=\"225\" \/>Llega un d\u00e9bil chorro por las madrugadas y todo el d\u00eda sufren por la falta de agua.<\/p>\n<p style=\"text-align: justify;\">Miguel Oscar P\u00e9rez<br \/>\nCADEREYTA JIM\u00c9NEZ, N.L.-<br \/>\nVecinos del fraccionamiento Valle de los Encinos, se manifestaron este martes por la falta de agua potable en su colonia.<br \/>\nMencionaron en su queja, que durante el d\u00eda las tuber\u00edas carecen del vital l\u00edquido, que llega en ocasiones hasta las primeras horas de la madrugada.<br \/>\n\u201cTodos los de aqu\u00ed somos trabajadores, as\u00ed que primero todo el d\u00eda trabajando y ahora esperando en la madrigada para esperar el agua\u201d, dijo un vecino del lugar.<br \/>\nConsideraron injusto el hecho de estar pagando sus casas en un fraccionamiento donde hay una carencia tan importante.<br \/>\nExigieron los afectados que Agua y Drenaje les restableciera el servicio, ya que se encuentran en plena can\u00edcula y los ni\u00f1os y ancianos necesitan ser hidratados, adem\u00e1s de las inconveniencias de la necesidad de agua para la cocina, el aseo personal y el lavado de ropa.<br \/>\n\u201cLa escasez del agua es la que est\u00e1 predominando aqu\u00ed, le estamos exigiendo a Agua y Drenaje, que vengan a solucionarnos aqu\u00ed es lo \u00fanico que exigimos en este caso\u201d, dijo otro de los vecinos del lugar.<br \/>\nPor casi medio mes, los habitantes de esa colonia est\u00e1n sufriendo la falta de agua potable, pero Agua y Drenaje, solo les advert\u00eda que por bajo voltaje estaba fallando el sistema de bombeo de Los Encinos.<br \/>\nCabe mencionar que despu\u00e9s de la manifestaci\u00f3n, el servicio empez\u00f3 a regularizarse parcialmente, pero esperan ya no se repita la falla, porque los ba\u00f1os de las casas se encontraban repletos de suciedad por falta del vital l\u00edquido.<\/p>\n","protected":false},"excerpt":{"rendered":"<p>Llega un d\u00e9bil chorro por las madrugadas y todo el d\u00eda sufren por la falta de agua. Miguel Oscar P\u00e9rez CADEREYTA JIM\u00c9NEZ, N.L.- Vecinos del fraccionamiento Valle de los Encinos, se manifestaron este martes por la falta de agua potable en su colonia. Mencionaron en su queja, que durante el d\u00eda las tuber\u00edas carecen del [&hellip;]<\/p>\n","protected":false},"author":9,"featured_media":2777,"comment_status":"open","ping_status":"closed","sticky":false,"template":"","format":"standard","meta":{"footnotes":""},"categories":[17],"tags":[1038,2282],"class_list":["post-2776","post","type-post","status-publish","format-standard","has-post-thumbnail","hentry","category-locales-cadereyta","tag-falta-de-agua","tag-valle-de-los-encinos"],"_links":{"self":[{"href":"https:\/\/laultimapalabra.com.mx\/portal\/wp-json\/wp\/v2\/posts\/2776","targetHints":{"allow":["GET"]}}],"collection":[{"href":"https:\/\/laultimapalabra.com.mx\/portal\/wp-json\/wp\/v2\/posts"}],"about":[{"href":"https:\/\/laultimapalabra.com.mx\/portal\/wp-json\/wp\/v2\/types\/post"}],"author":[{"embeddable":true,"href":"https:\/\/laultimapalabra.com.mx\/portal\/wp-json\/wp\/v2\/users\/9"}],"replies":[{"embeddable":true,"href":"https:\/\/laultimapalabra.com.mx\/portal\/wp-json\/wp\/v2\/comments?post=2776"}],"version-history":[{"count":1,"href":"https:\/\/laultimapalabra.com.mx\/portal\/wp-json\/wp\/v2\/posts\/2776\/revisions"}],"predecessor-version":[{"id":64507,"href":"https:\/\/laultimapalabra.com.mx\/portal\/wp-json\/wp\/v2\/posts\/2776\/revisions\/64507"}],"wp:featuredmedia":[{"embeddable":true,"href":"https:\/\/laultimapalabra.com.mx\/portal\/wp-json\/"}],"wp:attachment":[{"href":"https:\/\/laultimapalabra.com.mx\/portal\/wp-json\/wp\/v2\/media?parent=2776"}],"wp:term":[{"taxonomy":"category","embeddable":true,"href":"https:\/\/laultimapalabra.com.mx\/portal\/wp-json\/wp\/v2\/categories?post=2776"},{"taxonomy":"post_tag","embeddable":true,"href":"https:\/\/laultimapalabra.com.mx\/portal\/wp-json\/wp\/v2\/tags?post=2776"}],"curies":[{"name":"wp","href":"https:\/\/api.w.org\/{rel}","templated":true}]}}