                       {"id":27766,"date":"2022-04-20T13:03:44","date_gmt":"2022-04-20T19:03:44","guid":{"rendered":"https:\/\/laultimapalabra.com.mx\/portal\/?p=27766"},"modified":"2024-12-11T11:16:16","modified_gmt":"2024-12-11T17:16:16","slug":"ofrece-a-ip-tratar-transicion-electrica-para-evitar-juicios","status":"publish","type":"post","link":"https:\/\/laultimapalabra.com.mx\/portal\/ofrece-a-ip-tratar-transicion-electrica-para-evitar-juicios\/","title":{"rendered":"Ofrece a IP tratar transici\u00f3n el\u00e9ctrica para evitar juicios"},"content":{"rendered":"<p>El Presidente Andr\u00e9s Manuel L\u00f3pez Obrador llam\u00f3 a alrededor de 20 empresas, la mayor\u00eda extranjeras, del sector el\u00e9ctrico para dialogar sobre la transici\u00f3n que habr\u00e1 luego que la Corte aval\u00f3 la ley el\u00e9ctrica que prioriza a la CFE sobre privados.<br \/>\nDurante la ma\u00f1anera, el Mandatario federal convoc\u00f3 a las empresas a sentarse a platicar sobre los cambios a la legislaci\u00f3n, especialmente el freno al autoabasto, en vez de presentar desde ya denuncias penales.<br \/>\n&#8220;\u00bfA qu\u00e9 quiero llegar? A qu\u00e9 a\u00fan cuando ya es ilegal y hago un llamado a estas empresas para que nos sentemos a ver c\u00f3mo vamos a resolver el problema porque yo tengo que aplicar la ley porque si no me convierto en c\u00f3mplice, ya hay un marco legal, no es que yo presente las denuncias penales a estas empresas, que no son muchas, las m\u00e1s importantes deben ser 10, 20, la mayor\u00eda extranjeras, ojal\u00e1 y ya empiecen a revisar con sus abogados lo que resolvi\u00f3 la Suprema Corte para que se entienda que ya es ilegal, que es un fraude ese mecanismo de autoabasto que crearon, que es una especie de mercado clandestino, informal, ilegal&#8221;, lanz\u00f3 L\u00f3pez Obrador.<br \/>\n&#8220;Entonces tenemos que hablar, yo no puedo hacerme de la vista gorda, no lo voy a hacer, pero tambi\u00e9n no quiero que lo primero sean las demandas penales, lo primero es un llamado a sentarnos al di\u00e1logo, estoy terminando de hacer el an\u00e1lisis de quienes est\u00e1n en la ilegalidad, completa, que violan la Constituci\u00f3n, entonces vamos a buscar un proceso de transici\u00f3n, donde desde luego no se perjudique al pueblo, se proteja a la Comisi\u00f3n Federal de Electricidad y al mismo tiempo se les den opciones a quienes de manera consciente o inconsciente actuaron al margen de la ley, vamos a llevar a cabo este acuerdo&#8221;.<br \/>\n&#8220;Yo pienso que vamos a empezar ya dentro de una semana, 15 d\u00edas, vamos a empezar a hablar de este asunto, pero ya estoy llamando al di\u00e1logo y estoy pidiendo a los accionistas de las empresas, responsables, gerentes, que empiecen a hacer consultas con sus abogados, nada m\u00e1s que sean abogados serios, que no les est\u00e9n mintiendo, porque es cosa juzgada&#8221;, agreg\u00f3.<\/p>\n<p style=\"text-align: left;\">El Jefe del Ejecutivo celebr\u00f3 que en el Congreso se haya aprobado la reforma a la Ley de Miner\u00eda para que el Estado explote el litio. &#8220;Decirle al pueblo de M\u00e9xico que de logr\u00f3 el prop\u00f3sito de proteger a la CFE, vamos a cumplir el compromisos de no aumentar el precio de la luz y tambi\u00e9n estoy muy contento porque se nacionaliz\u00f3 el litio, es un mineral estrat\u00e9gico (&#8230;) que se va emplear en el mundo, eso se logr\u00f3, enfrentamos todos los obst\u00e1culos, quiero agradecer a todos los diputados, senadores, que apoyaron la reforma de miner\u00eda para que el litio sea propiedad de la Naci\u00f3n y que no se cometa ning\u00fan abuso, que ning\u00fan pa\u00eds extranjero, ninguna empresa, corporaci\u00f3n for\u00e1nea, quiera apropiarse de lo que es del pueblo de M\u00e9xico&#8221;, aplaudi\u00f3.<br \/>\nFuente: El Norte<\/p>\n","protected":false},"excerpt":{"rendered":"<p>El Presidente Andr\u00e9s Manuel L\u00f3pez Obrador llam\u00f3 a alrededor de 20 empresas, la mayor\u00eda extranjeras, del sector el\u00e9ctrico para dialogar sobre la transici\u00f3n que habr\u00e1 luego que la Corte aval\u00f3 la ley el\u00e9ctrica que prioriza a la CFE sobre privados. Durante la ma\u00f1anera, el Mandatario federal convoc\u00f3 a las empresas a sentarse a platicar sobre [&hellip;]<\/p>\n","protected":false},"author":9,"featured_media":27767,"comment_status":"closed","ping_status":"closed","sticky":false,"template":"","format":"standard","meta":{"footnotes":""},"categories":[19],"tags":[124,4194,4195],"class_list":["post-27766","post","type-post","status-publish","format-standard","has-post-thumbnail","hentry","category-nacional","tag-amlo","tag-mananera","tag-presidente"],"_links":{"self":[{"href":"https:\/\/laultimapalabra.com.mx\/portal\/wp-json\/wp\/v2\/posts\/27766","targetHints":{"allow":["GET"]}}],"collection":[{"href":"https:\/\/laultimapalabra.com.mx\/portal\/wp-json\/wp\/v2\/posts"}],"about":[{"href":"https:\/\/laultimapalabra.com.mx\/portal\/wp-json\/wp\/v2\/types\/post"}],"author":[{"embeddable":true,"href":"https:\/\/laultimapalabra.com.mx\/portal\/wp-json\/wp\/v2\/users\/9"}],"replies":[{"embeddable":true,"href":"https:\/\/laultimapalabra.com.mx\/portal\/wp-json\/wp\/v2\/comments?post=27766"}],"version-history":[{"count":2,"href":"https:\/\/laultimapalabra.com.mx\/portal\/wp-json\/wp\/v2\/posts\/27766\/revisions"}],"predecessor-version":[{"id":76190,"href":"https:\/\/laultimapalabra.com.mx\/portal\/wp-json\/wp\/v2\/posts\/27766\/revisions\/76190"}],"wp:featuredmedia":[{"embeddable":true,"href":"https:\/\/laultimapalabra.com.mx\/portal\/wp-json\/wp\/v2\/media\/27767"}],"wp:attachment":[{"href":"https:\/\/laultimapalabra.com.mx\/portal\/wp-json\/wp\/v2\/media?parent=27766"}],"wp:term":[{"taxonomy":"category","embeddable":true,"href":"https:\/\/laultimapalabra.com.mx\/portal\/wp-json\/wp\/v2\/categories?post=27766"},{"taxonomy":"post_tag","embeddable":true,"href":"https:\/\/laultimapalabra.com.mx\/portal\/wp-json\/wp\/v2\/tags?post=27766"}],"curies":[{"name":"wp","href":"https:\/\/api.w.org\/{rel}","templated":true}]}}