                       {"id":27786,"date":"2022-04-20T14:58:57","date_gmt":"2022-04-20T20:58:57","guid":{"rendered":"https:\/\/laultimapalabra.com.mx\/portal\/?p=27786"},"modified":"2024-12-11T11:16:16","modified_gmt":"2024-12-11T17:16:16","slug":"calla-fiscalia-sobre-feminicidios-y-violencia-familiar","status":"publish","type":"post","link":"https:\/\/laultimapalabra.com.mx\/portal\/calla-fiscalia-sobre-feminicidios-y-violencia-familiar\/","title":{"rendered":"Calla Fiscal\u00eda sobre  feminicidios  y violencia familiar"},"content":{"rendered":"<p style=\"text-align: left;\">Cadereyta Jim\u00e9nez, N.L.-Des<span style=\"font-size: 1rem;\">pu\u00e9s de la ola de desapariciones de mujeres y el alto \u00edndice de violencia familiar, la Fiscal\u00eda General de Justicia del Estado de Nuevo Le\u00f3n, calla ante los medios de comunicaci\u00f3n, las estad\u00edsticas y ordena a fiscales no dar declaraciones sobre las desapariciones ni feminicidios.<\/span><\/p>\n<p>Esta ma\u00f1ana reporteros de La \u00daltima Palabra acudieron a la fiscal\u00eda de Violencia Familiar, en el CODE de Cadereyta y aunque fueron recibidos amablemente por el Agente del Ministerio P\u00fablico Evert Mart\u00ednez, mencion\u00f3 que no podr\u00eda dar ni entrevistas ni estad\u00edsticas sobre el tema.<\/p>\n<p>Hace algunas semanas, ante la creciente demanda de b\u00fasqueda de personas en su mayor\u00eda mujeres, el Grupo Especializado de B\u00fasqueda Inmediata, tuvo un incremento de personal, ante el rezago de casos de desapariciones.<\/p>\n","protected":false},"excerpt":{"rendered":"<p>Cadereyta Jim\u00e9nez, N.L.-Despu\u00e9s de la ola de desapariciones de mujeres y el alto \u00edndice de violencia familiar, la Fiscal\u00eda General de Justicia del Estado de Nuevo Le\u00f3n, calla ante los medios de comunicaci\u00f3n, las estad\u00edsticas y ordena a fiscales no dar declaraciones sobre las desapariciones ni feminicidios. Esta ma\u00f1ana reporteros de La \u00daltima Palabra acudieron [&hellip;]<\/p>\n","protected":false},"author":9,"featured_media":27787,"comment_status":"closed","ping_status":"closed","sticky":false,"template":"","format":"standard","meta":{"footnotes":""},"categories":[9],"tags":[1052],"class_list":["post-27786","post","type-post","status-publish","format-standard","has-post-thumbnail","hentry","category-seguridad-cadereyta","tag-feminicidios"],"_links":{"self":[{"href":"https:\/\/laultimapalabra.com.mx\/portal\/wp-json\/wp\/v2\/posts\/27786","targetHints":{"allow":["GET"]}}],"collection":[{"href":"https:\/\/laultimapalabra.com.mx\/portal\/wp-json\/wp\/v2\/posts"}],"about":[{"href":"https:\/\/laultimapalabra.com.mx\/portal\/wp-json\/wp\/v2\/types\/post"}],"author":[{"embeddable":true,"href":"https:\/\/laultimapalabra.com.mx\/portal\/wp-json\/wp\/v2\/users\/9"}],"replies":[{"embeddable":true,"href":"https:\/\/laultimapalabra.com.mx\/portal\/wp-json\/wp\/v2\/comments?post=27786"}],"version-history":[{"count":5,"href":"https:\/\/laultimapalabra.com.mx\/portal\/wp-json\/wp\/v2\/posts\/27786\/revisions"}],"predecessor-version":[{"id":76194,"href":"https:\/\/laultimapalabra.com.mx\/portal\/wp-json\/wp\/v2\/posts\/27786\/revisions\/76194"}],"wp:featuredmedia":[{"embeddable":true,"href":"https:\/\/laultimapalabra.com.mx\/portal\/wp-json\/wp\/v2\/media\/27787"}],"wp:attachment":[{"href":"https:\/\/laultimapalabra.com.mx\/portal\/wp-json\/wp\/v2\/media?parent=27786"}],"wp:term":[{"taxonomy":"category","embeddable":true,"href":"https:\/\/laultimapalabra.com.mx\/portal\/wp-json\/wp\/v2\/categories?post=27786"},{"taxonomy":"post_tag","embeddable":true,"href":"https:\/\/laultimapalabra.com.mx\/portal\/wp-json\/wp\/v2\/tags?post=27786"}],"curies":[{"name":"wp","href":"https:\/\/api.w.org\/{rel}","templated":true}]}}