                       {"id":27864,"date":"2022-04-21T12:36:29","date_gmt":"2022-04-21T18:36:29","guid":{"rendered":"https:\/\/laultimapalabra.com.mx\/portal\/?p=27864"},"modified":"2024-12-11T11:16:16","modified_gmt":"2024-12-11T17:16:16","slug":"traidores-a-la-patria-quienes-votaron-contra-reforma-electrica-amlo","status":"publish","type":"post","link":"https:\/\/laultimapalabra.com.mx\/portal\/traidores-a-la-patria-quienes-votaron-contra-reforma-electrica-amlo\/","title":{"rendered":"Traidores a la patria, quienes votaron contra reforma el\u00e9ctrica: AMLO"},"content":{"rendered":"<p>El presidente Andr\u00e9s Manuel L\u00f3pez Obrador respald\u00f3 que se les llame traidores a la patria a quienes votaron en contra de la reforma constitucional en materia el\u00e9ctrica, y record\u00f3 que ese concepto est\u00e1 tipificado en el c\u00f3digo penal, con c\u00e1rcel hasta por 40 a\u00f1os.<\/p>\n<p>Aclar\u00f3 que si bien no planea denunciar a nadie, cada quien debe hacerse responsable de sus actos, cuando consciente o inconscientemente ayudaron a las empresas extranjeras que buscaban destruir a la empresa p\u00fablica Comisi\u00f3n Federal de Electricidad y da\u00f1ar a millones de mexicanos.<\/p>\n<p>Subray\u00f3 que el se\u00f1alamiento lo hizo en su momento el Presidente C\u00e1rdenas y el Presidente L\u00f3pez Mateos, en episodios relacionados con los recursos naturales del pa\u00eds.<\/p>\n<p>En ese sentido pidi\u00f3 no tenerle miedo a la palabra polarizaci\u00f3n, pero tambi\u00e9n &#8211; dijo- ya basta de los acuerdos de las \u00e9lites, en lo oscurito, y que la gente no sepa qu\u00e9 se vot\u00f3 y c\u00f3mo se vot\u00f3.<\/p>\n<p>Fuente: La Jornada<\/p>\n","protected":false},"excerpt":{"rendered":"<p>El presidente Andr\u00e9s Manuel L\u00f3pez Obrador respald\u00f3 que se les llame traidores a la patria a quienes votaron en contra de la reforma constitucional en materia el\u00e9ctrica, y record\u00f3 que ese concepto est\u00e1 tipificado en el c\u00f3digo penal, con c\u00e1rcel hasta por 40 a\u00f1os. Aclar\u00f3 que si bien no planea denunciar a nadie, cada quien [&hellip;]<\/p>\n","protected":false},"author":9,"featured_media":27865,"comment_status":"closed","ping_status":"closed","sticky":false,"template":"","format":"standard","meta":{"footnotes":""},"categories":[19],"tags":[124,4206],"class_list":["post-27864","post","type-post","status-publish","format-standard","has-post-thumbnail","hentry","category-nacional","tag-amlo","tag-patria"],"_links":{"self":[{"href":"https:\/\/laultimapalabra.com.mx\/portal\/wp-json\/wp\/v2\/posts\/27864","targetHints":{"allow":["GET"]}}],"collection":[{"href":"https:\/\/laultimapalabra.com.mx\/portal\/wp-json\/wp\/v2\/posts"}],"about":[{"href":"https:\/\/laultimapalabra.com.mx\/portal\/wp-json\/wp\/v2\/types\/post"}],"author":[{"embeddable":true,"href":"https:\/\/laultimapalabra.com.mx\/portal\/wp-json\/wp\/v2\/users\/9"}],"replies":[{"embeddable":true,"href":"https:\/\/laultimapalabra.com.mx\/portal\/wp-json\/wp\/v2\/comments?post=27864"}],"version-history":[{"count":3,"href":"https:\/\/laultimapalabra.com.mx\/portal\/wp-json\/wp\/v2\/posts\/27864\/revisions"}],"predecessor-version":[{"id":76214,"href":"https:\/\/laultimapalabra.com.mx\/portal\/wp-json\/wp\/v2\/posts\/27864\/revisions\/76214"}],"wp:featuredmedia":[{"embeddable":true,"href":"https:\/\/laultimapalabra.com.mx\/portal\/wp-json\/wp\/v2\/media\/27865"}],"wp:attachment":[{"href":"https:\/\/laultimapalabra.com.mx\/portal\/wp-json\/wp\/v2\/media?parent=27864"}],"wp:term":[{"taxonomy":"category","embeddable":true,"href":"https:\/\/laultimapalabra.com.mx\/portal\/wp-json\/wp\/v2\/categories?post=27864"},{"taxonomy":"post_tag","embeddable":true,"href":"https:\/\/laultimapalabra.com.mx\/portal\/wp-json\/wp\/v2\/tags?post=27864"}],"curies":[{"name":"wp","href":"https:\/\/api.w.org\/{rel}","templated":true}]}}