                       {"id":27896,"date":"2022-04-21T13:06:51","date_gmt":"2022-04-21T19:06:51","guid":{"rendered":"https:\/\/laultimapalabra.com.mx\/portal\/?p=27896"},"modified":"2024-12-11T11:16:16","modified_gmt":"2024-12-11T17:16:16","slug":"acude-paco-trevino-a-inicio-de-nueva-planta-de-kohler","status":"publish","type":"post","link":"https:\/\/laultimapalabra.com.mx\/portal\/acude-paco-trevino-a-inicio-de-nueva-planta-de-kohler\/","title":{"rendered":"Acude Paco Trevi\u00f1o a inicio  de nueva planta de Kohler"},"content":{"rendered":"<p>Ju\u00e1rez, N.L.<\/p>\n<p>El alcalde de Ju\u00e1rez, Nuevo Le\u00f3n, Francisco Trevi\u00f1o Cant\u00fa, fue invitado de honor a la colocaci\u00f3n de la primera piedra para la construcci\u00f3n de una nueva planta de Kohler, en esta ciudad.<\/p>\n<p><img loading=\"lazy\" decoding=\"async\" class=\"alignnone size-medium wp-image-27898\" src=\"https:\/\/laultimapalabra.com.mx\/portal\/wp-content\/uploads\/2022\/04\/IMG-20220421-WA0065-300x200.jpg\" alt=\"\" width=\"300\" height=\"200\" srcset=\"https:\/\/laultimapalabra.com.mx\/portal\/wp-content\/uploads\/2022\/04\/IMG-20220421-WA0065-300x200.jpg 300w, https:\/\/laultimapalabra.com.mx\/portal\/wp-content\/uploads\/2022\/04\/IMG-20220421-WA0065-1024x682.jpg 1024w, https:\/\/laultimapalabra.com.mx\/portal\/wp-content\/uploads\/2022\/04\/IMG-20220421-WA0065-768x512.jpg 768w, https:\/\/laultimapalabra.com.mx\/portal\/wp-content\/uploads\/2022\/04\/IMG-20220421-WA0065.jpg 1280w\" sizes=\"auto, (max-width: 300px) 100vw, 300px\" \/><\/p>\n<p>El edil juarense agradeci\u00f3 la invitaci\u00f3n en lo que ser\u00e1 una oportunidad de empleo para los juarenses, adem\u00e1s de la derrama econ\u00f3mica que esto significa.<\/p>\n<p><img loading=\"lazy\" decoding=\"async\" class=\"alignnone size-medium wp-image-27899\" src=\"https:\/\/laultimapalabra.com.mx\/portal\/wp-content\/uploads\/2022\/04\/IMG-20220421-WA0074-300x200.jpg\" alt=\"\" width=\"300\" height=\"200\" srcset=\"https:\/\/laultimapalabra.com.mx\/portal\/wp-content\/uploads\/2022\/04\/IMG-20220421-WA0074-300x200.jpg 300w, https:\/\/laultimapalabra.com.mx\/portal\/wp-content\/uploads\/2022\/04\/IMG-20220421-WA0074-1024x682.jpg 1024w, https:\/\/laultimapalabra.com.mx\/portal\/wp-content\/uploads\/2022\/04\/IMG-20220421-WA0074-768x512.jpg 768w, https:\/\/laultimapalabra.com.mx\/portal\/wp-content\/uploads\/2022\/04\/IMG-20220421-WA0074.jpg 1280w\" sizes=\"auto, (max-width: 300px) 100vw, 300px\" \/><\/p>\n<p>\u201cGracias por voltear a ver a nuestra ciudad y traer m\u00e1s inversi\u00f3n y con esto m\u00e1s y mejores oportunidades de empleo para todos los juarenses\u201d, se\u00f1al\u00f3 textualmente Paco Trevi\u00f1o a los ejecutivos de la empresa.<\/p>\n","protected":false},"excerpt":{"rendered":"<p>Ju\u00e1rez, N.L. El alcalde de Ju\u00e1rez, Nuevo Le\u00f3n, Francisco Trevi\u00f1o Cant\u00fa, fue invitado de honor a la colocaci\u00f3n de la primera piedra para la construcci\u00f3n de una nueva planta de Kohler, en esta ciudad. El edil juarense agradeci\u00f3 la invitaci\u00f3n en lo que ser\u00e1 una oportunidad de empleo para los juarenses, adem\u00e1s de la derrama [&hellip;]<\/p>\n","protected":false},"author":9,"featured_media":27893,"comment_status":"closed","ping_status":"closed","sticky":false,"template":"","format":"standard","meta":{"footnotes":""},"categories":[18,1],"tags":[1355,1684],"class_list":["post-27896","post","type-post","status-publish","format-standard","has-post-thumbnail","hentry","category-locales-juarez","category-noticias","tag-juarez","tag-paco-trevino"],"_links":{"self":[{"href":"https:\/\/laultimapalabra.com.mx\/portal\/wp-json\/wp\/v2\/posts\/27896","targetHints":{"allow":["GET"]}}],"collection":[{"href":"https:\/\/laultimapalabra.com.mx\/portal\/wp-json\/wp\/v2\/posts"}],"about":[{"href":"https:\/\/laultimapalabra.com.mx\/portal\/wp-json\/wp\/v2\/types\/post"}],"author":[{"embeddable":true,"href":"https:\/\/laultimapalabra.com.mx\/portal\/wp-json\/wp\/v2\/users\/9"}],"replies":[{"embeddable":true,"href":"https:\/\/laultimapalabra.com.mx\/portal\/wp-json\/wp\/v2\/comments?post=27896"}],"version-history":[{"count":3,"href":"https:\/\/laultimapalabra.com.mx\/portal\/wp-json\/wp\/v2\/posts\/27896\/revisions"}],"predecessor-version":[{"id":76220,"href":"https:\/\/laultimapalabra.com.mx\/portal\/wp-json\/wp\/v2\/posts\/27896\/revisions\/76220"}],"wp:featuredmedia":[{"embeddable":true,"href":"https:\/\/laultimapalabra.com.mx\/portal\/wp-json\/wp\/v2\/media\/27893"}],"wp:attachment":[{"href":"https:\/\/laultimapalabra.com.mx\/portal\/wp-json\/wp\/v2\/media?parent=27896"}],"wp:term":[{"taxonomy":"category","embeddable":true,"href":"https:\/\/laultimapalabra.com.mx\/portal\/wp-json\/wp\/v2\/categories?post=27896"},{"taxonomy":"post_tag","embeddable":true,"href":"https:\/\/laultimapalabra.com.mx\/portal\/wp-json\/wp\/v2\/tags?post=27896"}],"curies":[{"name":"wp","href":"https:\/\/api.w.org\/{rel}","templated":true}]}}