                       {"id":27927,"date":"2022-04-21T14:46:14","date_gmt":"2022-04-21T20:46:14","guid":{"rendered":"https:\/\/laultimapalabra.com.mx\/portal\/?p=27927"},"modified":"2024-12-11T11:16:16","modified_gmt":"2024-12-11T17:16:16","slug":"arranca-gobierno-de-cadereyta-cursos-para-emprendedores","status":"publish","type":"post","link":"https:\/\/laultimapalabra.com.mx\/portal\/arranca-gobierno-de-cadereyta-cursos-para-emprendedores\/","title":{"rendered":"Arranca Gobierno de Cadereyta cursos para emprendedores"},"content":{"rendered":"<p>Cadereyta Jim\u00e9nez, N L.- El d\u00eda de ayer el Gobienro de Cadereyta, encabezado por el alcalde Cosme Leal Cant\u00fa, arranc\u00f3 a trav\u00e9s de la Direcci\u00f3n de Desarrollo Econ\u00f3mico Municipal una serie de cursos para emprendedores en el municipio.<\/p>\n<p><img loading=\"lazy\" decoding=\"async\" class=\"alignnone size-medium wp-image-27929\" src=\"https:\/\/laultimapalabra.com.mx\/portal\/wp-content\/uploads\/2022\/04\/IMG-20220421-WA0084-300x199.jpg\" alt=\"\" width=\"300\" height=\"199\" srcset=\"https:\/\/laultimapalabra.com.mx\/portal\/wp-content\/uploads\/2022\/04\/IMG-20220421-WA0084-300x199.jpg 300w, https:\/\/laultimapalabra.com.mx\/portal\/wp-content\/uploads\/2022\/04\/IMG-20220421-WA0084-1024x678.jpg 1024w, https:\/\/laultimapalabra.com.mx\/portal\/wp-content\/uploads\/2022\/04\/IMG-20220421-WA0084-768x508.jpg 768w, https:\/\/laultimapalabra.com.mx\/portal\/wp-content\/uploads\/2022\/04\/IMG-20220421-WA0084.jpg 1280w\" sizes=\"auto, (max-width: 300px) 100vw, 300px\" \/><\/p>\n<p>Dichos cursos ser\u00e1n impartidos por el Colegio de Emprendedores de Nuevo Le\u00f3n; los cuales brindan herramientas pr\u00e1cticas para implementarlas en las peque\u00f1as y medianas empresas de distintos giros comerciales en la ciudad.<\/p>\n<p><img loading=\"lazy\" decoding=\"async\" class=\"alignnone size-medium wp-image-27930\" src=\"https:\/\/laultimapalabra.com.mx\/portal\/wp-content\/uploads\/2022\/04\/IMG-20220421-WA0082-300x199.jpg\" alt=\"\" width=\"300\" height=\"199\" srcset=\"https:\/\/laultimapalabra.com.mx\/portal\/wp-content\/uploads\/2022\/04\/IMG-20220421-WA0082-300x199.jpg 300w, https:\/\/laultimapalabra.com.mx\/portal\/wp-content\/uploads\/2022\/04\/IMG-20220421-WA0082-1024x678.jpg 1024w, https:\/\/laultimapalabra.com.mx\/portal\/wp-content\/uploads\/2022\/04\/IMG-20220421-WA0082-768x508.jpg 768w, https:\/\/laultimapalabra.com.mx\/portal\/wp-content\/uploads\/2022\/04\/IMG-20220421-WA0082.jpg 1280w\" sizes=\"auto, (max-width: 300px) 100vw, 300px\" \/><\/p>\n<p>En su discurso, el Municipe manifest\u00f3 que se seguir\u00e1n coordinando y organizando este tipo de estrategias para que la ciudadan\u00eda jimenense tenga las herramientas necesarias y los conocimientos para emprender un negocio que los ayude y sostenga su econom\u00eda familiar.<\/p>\n","protected":false},"excerpt":{"rendered":"<p>Cadereyta Jim\u00e9nez, N L.- El d\u00eda de ayer el Gobienro de Cadereyta, encabezado por el alcalde Cosme Leal Cant\u00fa, arranc\u00f3 a trav\u00e9s de la Direcci\u00f3n de Desarrollo Econ\u00f3mico Municipal una serie de cursos para emprendedores en el municipio. Dichos cursos ser\u00e1n impartidos por el Colegio de Emprendedores de Nuevo Le\u00f3n; los cuales brindan herramientas pr\u00e1cticas [&hellip;]<\/p>\n","protected":false},"author":9,"featured_media":27928,"comment_status":"closed","ping_status":"closed","sticky":false,"template":"","format":"standard","meta":{"footnotes":""},"categories":[17,1],"tags":[2600,4208],"class_list":["post-27927","post","type-post","status-publish","format-standard","has-post-thumbnail","hentry","category-locales-cadereyta","category-noticias","tag-cadereyta","tag-emprendimientos"],"_links":{"self":[{"href":"https:\/\/laultimapalabra.com.mx\/portal\/wp-json\/wp\/v2\/posts\/27927","targetHints":{"allow":["GET"]}}],"collection":[{"href":"https:\/\/laultimapalabra.com.mx\/portal\/wp-json\/wp\/v2\/posts"}],"about":[{"href":"https:\/\/laultimapalabra.com.mx\/portal\/wp-json\/wp\/v2\/types\/post"}],"author":[{"embeddable":true,"href":"https:\/\/laultimapalabra.com.mx\/portal\/wp-json\/wp\/v2\/users\/9"}],"replies":[{"embeddable":true,"href":"https:\/\/laultimapalabra.com.mx\/portal\/wp-json\/wp\/v2\/comments?post=27927"}],"version-history":[{"count":2,"href":"https:\/\/laultimapalabra.com.mx\/portal\/wp-json\/wp\/v2\/posts\/27927\/revisions"}],"predecessor-version":[{"id":76222,"href":"https:\/\/laultimapalabra.com.mx\/portal\/wp-json\/wp\/v2\/posts\/27927\/revisions\/76222"}],"wp:featuredmedia":[{"embeddable":true,"href":"https:\/\/laultimapalabra.com.mx\/portal\/wp-json\/wp\/v2\/media\/27928"}],"wp:attachment":[{"href":"https:\/\/laultimapalabra.com.mx\/portal\/wp-json\/wp\/v2\/media?parent=27927"}],"wp:term":[{"taxonomy":"category","embeddable":true,"href":"https:\/\/laultimapalabra.com.mx\/portal\/wp-json\/wp\/v2\/categories?post=27927"},{"taxonomy":"post_tag","embeddable":true,"href":"https:\/\/laultimapalabra.com.mx\/portal\/wp-json\/wp\/v2\/tags?post=27927"}],"curies":[{"name":"wp","href":"https:\/\/api.w.org\/{rel}","templated":true}]}}