                       {"id":27932,"date":"2022-04-21T17:25:39","date_gmt":"2022-04-21T23:25:39","guid":{"rendered":"https:\/\/laultimapalabra.com.mx\/portal\/?p=27932"},"modified":"2024-12-11T11:16:16","modified_gmt":"2024-12-11T17:16:16","slug":"rescatan-a-20-centroamericanos-en-cadereyta","status":"publish","type":"post","link":"https:\/\/laultimapalabra.com.mx\/portal\/rescatan-a-20-centroamericanos-en-cadereyta\/","title":{"rendered":"Rescatan a 20 centroamericanos en Cadereyta"},"content":{"rendered":"<p style=\"text-align: left;\"><span style=\"font-size: 1rem;\">Cadereyta Jim\u00e9nez, N.L.- Polic\u00edas Municipales de Cadereyta, rescataron a aproximadamente veinte centroamericanos sobre la autopista Monterrey Reynosa, en direcci\u00f3n a Monterrey.<\/span><\/p>\n<p><img loading=\"lazy\" decoding=\"async\" class=\"alignnone size-medium wp-image-27933\" src=\"https:\/\/laultimapalabra.com.mx\/portal\/wp-content\/uploads\/2022\/04\/FB_IMG_1650578016605-300x300.jpg\" alt=\"\" width=\"300\" height=\"300\" srcset=\"https:\/\/laultimapalabra.com.mx\/portal\/wp-content\/uploads\/2022\/04\/FB_IMG_1650578016605-300x300.jpg 300w, https:\/\/laultimapalabra.com.mx\/portal\/wp-content\/uploads\/2022\/04\/FB_IMG_1650578016605-1024x1024.jpg 1024w, https:\/\/laultimapalabra.com.mx\/portal\/wp-content\/uploads\/2022\/04\/FB_IMG_1650578016605-150x150.jpg 150w, https:\/\/laultimapalabra.com.mx\/portal\/wp-content\/uploads\/2022\/04\/FB_IMG_1650578016605-768x768.jpg 768w, https:\/\/laultimapalabra.com.mx\/portal\/wp-content\/uploads\/2022\/04\/FB_IMG_1650578016605.jpg 1080w\" sizes=\"auto, (max-width: 300px) 100vw, 300px\" \/><\/p>\n<p>Los hechos se dieron cuando los uniformados vislumbraron un veh\u00edculo Marca Volkswagen Tipo Jetta en color gris, con las placas de circulaci\u00f3n del Estado de Nuevo Le\u00f3n; y una camioneta Marca Chevrolet, Tipo Pick-up en color gris con las placas de circulaci\u00f3n de Tamaulipas.<br \/>\nEn ambos veh\u00edculos se localizaron a personas de diversas nacionalidades de origen centroamericano, los cuales viajaban en condiciones que ponen en riesgo su seguridad e integridad f\u00edsica; por lo cual se detuvo a los conductores y los veh\u00edculos fueron consignados.<br \/>\nLas m\u00e1s de 20 personas rescatadas fueron resguardadas en las Instalaciones de la Secretaria de Seguridad P\u00fablica Municipal, y puestos a disposici\u00f3n del personal del Instituto Nacional de Migraci\u00f3n.<br \/>\nLos conductores quienes responden a los nombres de Jos\u00e9 N y Tadeo N, de 32 y 27 a\u00f1os respectivamente, quedaron a disposici\u00f3n de la Fiscal\u00eda General de la Republica, autoridad responsable de deslindar su situaci\u00f3n jur\u00eddica.<\/p>\n<p><img loading=\"lazy\" decoding=\"async\" class=\"alignnone size-medium wp-image-27934 alignleft\" src=\"https:\/\/laultimapalabra.com.mx\/portal\/wp-content\/uploads\/2022\/04\/FB_IMG_1650578018665-300x300.jpg\" alt=\"\" width=\"300\" height=\"300\" srcset=\"https:\/\/laultimapalabra.com.mx\/portal\/wp-content\/uploads\/2022\/04\/FB_IMG_1650578018665-300x300.jpg 300w, https:\/\/laultimapalabra.com.mx\/portal\/wp-content\/uploads\/2022\/04\/FB_IMG_1650578018665-1024x1024.jpg 1024w, https:\/\/laultimapalabra.com.mx\/portal\/wp-content\/uploads\/2022\/04\/FB_IMG_1650578018665-150x150.jpg 150w, https:\/\/laultimapalabra.com.mx\/portal\/wp-content\/uploads\/2022\/04\/FB_IMG_1650578018665-768x768.jpg 768w, https:\/\/laultimapalabra.com.mx\/portal\/wp-content\/uploads\/2022\/04\/FB_IMG_1650578018665.jpg 1080w\" sizes=\"auto, (max-width: 300px) 100vw, 300px\" \/><\/p>\n","protected":false},"excerpt":{"rendered":"<p>Cadereyta Jim\u00e9nez, N.L.- Polic\u00edas Municipales de Cadereyta, rescataron a aproximadamente veinte centroamericanos sobre la autopista Monterrey Reynosa, en direcci\u00f3n a Monterrey. Los hechos se dieron cuando los uniformados vislumbraron un veh\u00edculo Marca Volkswagen Tipo Jetta en color gris, con las placas de circulaci\u00f3n del Estado de Nuevo Le\u00f3n; y una camioneta Marca Chevrolet, Tipo Pick-up [&hellip;]<\/p>\n","protected":false},"author":7,"featured_media":27935,"comment_status":"closed","ping_status":"closed","sticky":false,"template":"","format":"standard","meta":{"footnotes":""},"categories":[8,9],"tags":[3672,1815],"class_list":["post-27932","post","type-post","status-publish","format-standard","has-post-thumbnail","hentry","category-seguridad","category-seguridad-cadereyta","tag-migrantes","tag-polleros"],"_links":{"self":[{"href":"https:\/\/laultimapalabra.com.mx\/portal\/wp-json\/wp\/v2\/posts\/27932","targetHints":{"allow":["GET"]}}],"collection":[{"href":"https:\/\/laultimapalabra.com.mx\/portal\/wp-json\/wp\/v2\/posts"}],"about":[{"href":"https:\/\/laultimapalabra.com.mx\/portal\/wp-json\/wp\/v2\/types\/post"}],"author":[{"embeddable":true,"href":"https:\/\/laultimapalabra.com.mx\/portal\/wp-json\/wp\/v2\/users\/7"}],"replies":[{"embeddable":true,"href":"https:\/\/laultimapalabra.com.mx\/portal\/wp-json\/wp\/v2\/comments?post=27932"}],"version-history":[{"count":2,"href":"https:\/\/laultimapalabra.com.mx\/portal\/wp-json\/wp\/v2\/posts\/27932\/revisions"}],"predecessor-version":[{"id":76224,"href":"https:\/\/laultimapalabra.com.mx\/portal\/wp-json\/wp\/v2\/posts\/27932\/revisions\/76224"}],"wp:featuredmedia":[{"embeddable":true,"href":"https:\/\/laultimapalabra.com.mx\/portal\/wp-json\/wp\/v2\/media\/27935"}],"wp:attachment":[{"href":"https:\/\/laultimapalabra.com.mx\/portal\/wp-json\/wp\/v2\/media?parent=27932"}],"wp:term":[{"taxonomy":"category","embeddable":true,"href":"https:\/\/laultimapalabra.com.mx\/portal\/wp-json\/wp\/v2\/categories?post=27932"},{"taxonomy":"post_tag","embeddable":true,"href":"https:\/\/laultimapalabra.com.mx\/portal\/wp-json\/wp\/v2\/tags?post=27932"}],"curies":[{"name":"wp","href":"https:\/\/api.w.org\/{rel}","templated":true}]}}