                       {"id":28071,"date":"2022-04-25T15:20:04","date_gmt":"2022-04-25T21:20:04","guid":{"rendered":"https:\/\/laultimapalabra.com.mx\/portal\/?p=28071"},"modified":"2024-12-11T11:16:16","modified_gmt":"2024-12-11T17:16:16","slug":"famosos-rechazaron-dialogo-sobre-tren-maya-amlo","status":"publish","type":"post","link":"https:\/\/laultimapalabra.com.mx\/portal\/famosos-rechazaron-dialogo-sobre-tren-maya-amlo\/","title":{"rendered":"FAMOSOS RECHAZARON DI\u00c1LOGO SOBRE TREN MAYA: AMLO"},"content":{"rendered":"<p>Este lunes 25 de Abril en la Conferencia Ma\u00f1anera, el Presidente L\u00f3pez Obrador dijo que \u201cEl Tren Maya no va a da\u00f1ar ning\u00fan cenote, ni ning\u00fan r\u00edo submarino\u201d. Y acus\u00f3 que los pseudo ambientalistas y artistas no protestaron en la construcci\u00f3n de Xcaret.<br \/>\nIncluso, asegur\u00f3 que Eugenio Derbez acudi\u00f3 a la inauguraci\u00f3n de Xcaret, que da\u00f1\u00f3 con su construcci\u00f3n al medio ambiente.<br \/>\nY es que el Presidente Andr\u00e9s Manuel L\u00f3pez Obrador inform\u00f3 que la conversaci\u00f3n sobre el Tren Maya, con artistas como Eugenio Derbez, Natalia Lafourcade y Rub\u00e9n Albarr\u00e1n, se cancel\u00f3 porque los artistas rechazaron el di\u00e1logo.<br \/>\nSin embargo, expres\u00f3, que con el ecocidio de Xcaret, \u00aby los artistas y pseudoambientalistas no protestan\u201d.<br \/>\n\u201c\u00bfHay un doble rasero? pregunt\u00f3 AMLO durante la conferencia de prensa Ma\u00f1anera.<br \/>\nY, subray\u00f3: \u00abTenemos el compromiso con la gente, con el pueblo, de no destruir el medio ambiente.<br \/>\nIncluso el presidente de M\u00e9xico exclam\u00f3: \u00ab\u00a1Es una convicci\u00f3n, no una pose! \u00a1Llevamos a\u00f1os luchando!\u00bb<br \/>\nEn ese sentido alert\u00f3 sobre la utilizaci\u00f3n pol\u00edtica del tema por parte de los conservadores y corruptos.<br \/>\n-Lo mejor, \u00abpara que no nos usen, porque ya ser\u00eda el colmo que los conservadores corruptos quisieran utilizarnos, es que los atienda la Secretar\u00eda del Medio Ambiente y el director de Fonatur\u00bb.<\/p>\n","protected":false},"excerpt":{"rendered":"<p>Este lunes 25 de Abril en la Conferencia Ma\u00f1anera, el Presidente L\u00f3pez Obrador dijo que \u201cEl Tren Maya no va a da\u00f1ar ning\u00fan cenote, ni ning\u00fan r\u00edo submarino\u201d. Y acus\u00f3 que los pseudo ambientalistas y artistas no protestaron en la construcci\u00f3n de Xcaret. Incluso, asegur\u00f3 que Eugenio Derbez acudi\u00f3 a la inauguraci\u00f3n de Xcaret, que [&hellip;]<\/p>\n","protected":false},"author":9,"featured_media":28072,"comment_status":"closed","ping_status":"closed","sticky":false,"template":"","format":"standard","meta":{"footnotes":""},"categories":[19],"tags":[124],"class_list":["post-28071","post","type-post","status-publish","format-standard","has-post-thumbnail","hentry","category-nacional","tag-amlo"],"_links":{"self":[{"href":"https:\/\/laultimapalabra.com.mx\/portal\/wp-json\/wp\/v2\/posts\/28071","targetHints":{"allow":["GET"]}}],"collection":[{"href":"https:\/\/laultimapalabra.com.mx\/portal\/wp-json\/wp\/v2\/posts"}],"about":[{"href":"https:\/\/laultimapalabra.com.mx\/portal\/wp-json\/wp\/v2\/types\/post"}],"author":[{"embeddable":true,"href":"https:\/\/laultimapalabra.com.mx\/portal\/wp-json\/wp\/v2\/users\/9"}],"replies":[{"embeddable":true,"href":"https:\/\/laultimapalabra.com.mx\/portal\/wp-json\/wp\/v2\/comments?post=28071"}],"version-history":[{"count":2,"href":"https:\/\/laultimapalabra.com.mx\/portal\/wp-json\/wp\/v2\/posts\/28071\/revisions"}],"predecessor-version":[{"id":76272,"href":"https:\/\/laultimapalabra.com.mx\/portal\/wp-json\/wp\/v2\/posts\/28071\/revisions\/76272"}],"wp:featuredmedia":[{"embeddable":true,"href":"https:\/\/laultimapalabra.com.mx\/portal\/wp-json\/wp\/v2\/media\/28072"}],"wp:attachment":[{"href":"https:\/\/laultimapalabra.com.mx\/portal\/wp-json\/wp\/v2\/media?parent=28071"}],"wp:term":[{"taxonomy":"category","embeddable":true,"href":"https:\/\/laultimapalabra.com.mx\/portal\/wp-json\/wp\/v2\/categories?post=28071"},{"taxonomy":"post_tag","embeddable":true,"href":"https:\/\/laultimapalabra.com.mx\/portal\/wp-json\/wp\/v2\/tags?post=28071"}],"curies":[{"name":"wp","href":"https:\/\/api.w.org\/{rel}","templated":true}]}}