                       {"id":28092,"date":"2022-04-25T21:12:20","date_gmt":"2022-04-26T03:12:20","guid":{"rendered":"https:\/\/laultimapalabra.com.mx\/portal\/?p=28092"},"modified":"2024-12-11T11:16:17","modified_gmt":"2024-12-11T17:16:17","slug":"desaparece-jovencita-de-cadereyta","status":"publish","type":"post","link":"https:\/\/laultimapalabra.com.mx\/portal\/desaparece-jovencita-de-cadereyta\/","title":{"rendered":"Desaparece jovencita de Cadereyta"},"content":{"rendered":"<p><span style=\"font-size: 1rem;\">Cadereyta Jim\u00e9nez, N.L.-<\/span><span style=\"font-size: 1rem;\">Una jovencita de nombre Fany desapareci\u00f3 la ma\u00f1ana de este lunes en la colonia Santa Luc\u00eda.<\/span><\/p>\n<p>La menor tiene 14 a\u00f1os de edad, mide 1.55 de estatura y es de tez aperlada.<br \/>\nSi alguien tiene un dato favor de comunicarlo por inbox al peri\u00f3dico La \u00daltima Palabra para transmitirlo a sus familiares.<\/p>\n","protected":false},"excerpt":{"rendered":"<p>Cadereyta Jim\u00e9nez, N.L.-Una jovencita de nombre Fany desapareci\u00f3 la ma\u00f1ana de este lunes en la colonia Santa Luc\u00eda. La menor tiene 14 a\u00f1os de edad, mide 1.55 de estatura y es de tez aperlada. Si alguien tiene un dato favor de comunicarlo por inbox al peri\u00f3dico La \u00daltima Palabra para transmitirlo a sus familiares.<\/p>\n","protected":false},"author":7,"featured_media":28093,"comment_status":"closed","ping_status":"closed","sticky":false,"template":"","format":"standard","meta":{"footnotes":""},"categories":[1],"tags":[2587,4216],"class_list":["post-28092","post","type-post","status-publish","format-standard","has-post-thumbnail","hentry","category-noticias","tag-desaparecidas-nl","tag-se-busca"],"_links":{"self":[{"href":"https:\/\/laultimapalabra.com.mx\/portal\/wp-json\/wp\/v2\/posts\/28092","targetHints":{"allow":["GET"]}}],"collection":[{"href":"https:\/\/laultimapalabra.com.mx\/portal\/wp-json\/wp\/v2\/posts"}],"about":[{"href":"https:\/\/laultimapalabra.com.mx\/portal\/wp-json\/wp\/v2\/types\/post"}],"author":[{"embeddable":true,"href":"https:\/\/laultimapalabra.com.mx\/portal\/wp-json\/wp\/v2\/users\/7"}],"replies":[{"embeddable":true,"href":"https:\/\/laultimapalabra.com.mx\/portal\/wp-json\/wp\/v2\/comments?post=28092"}],"version-history":[{"count":2,"href":"https:\/\/laultimapalabra.com.mx\/portal\/wp-json\/wp\/v2\/posts\/28092\/revisions"}],"predecessor-version":[{"id":76280,"href":"https:\/\/laultimapalabra.com.mx\/portal\/wp-json\/wp\/v2\/posts\/28092\/revisions\/76280"}],"wp:featuredmedia":[{"embeddable":true,"href":"https:\/\/laultimapalabra.com.mx\/portal\/wp-json\/wp\/v2\/media\/28093"}],"wp:attachment":[{"href":"https:\/\/laultimapalabra.com.mx\/portal\/wp-json\/wp\/v2\/media?parent=28092"}],"wp:term":[{"taxonomy":"category","embeddable":true,"href":"https:\/\/laultimapalabra.com.mx\/portal\/wp-json\/wp\/v2\/categories?post=28092"},{"taxonomy":"post_tag","embeddable":true,"href":"https:\/\/laultimapalabra.com.mx\/portal\/wp-json\/wp\/v2\/tags?post=28092"}],"curies":[{"name":"wp","href":"https:\/\/api.w.org\/{rel}","templated":true}]}}