                       {"id":28230,"date":"2022-04-28T13:29:05","date_gmt":"2022-04-28T19:29:05","guid":{"rendered":"https:\/\/laultimapalabra.com.mx\/portal\/?p=28230"},"modified":"2024-12-11T11:16:17","modified_gmt":"2024-12-11T17:16:17","slug":"amlo-presenta-reforma-electoral-se-propone-el-inec","status":"publish","type":"post","link":"https:\/\/laultimapalabra.com.mx\/portal\/amlo-presenta-reforma-electoral-se-propone-el-inec\/","title":{"rendered":"AMLO PRESENTA REFORMA ELECTORAL, SE PROPONE EL INEC"},"content":{"rendered":"<p>abril 28, 2022<\/p>\n<p>Gustavo R. Gallardo \/ Metapol\u00edtica. Julio Astillero.<\/p>\n<p>El secretario de Gobernaci\u00f3n, Ad\u00e1n Augusto L\u00f3pez Hern\u00e1ndez, dio a conocer la iniciativa de reforma democr\u00e1tica que ser\u00e1 presentada hoy a la C\u00e1mara de Diputados, con la que se busca eliminar a representantes plurinominales, reducir la cantidad de legisladores en todos los niveles, los consejeros electorales y magistrados, as\u00ed como recursos a partidos pol\u00edticos, todo mediante la creaci\u00f3n del Instituto Nacional de Elecciones y Consultas (INEC), en sustituci\u00f3n del Instituto Nacional Electoral (INE).<\/p>\n<p>\u201cHemos terminado la propuesta de una iniciativa de reforma democr\u00e1tica, m\u00e1s que una reforma electoral\u201d, precis\u00f3 el secretario en torno al documento que hoy ser\u00e1 entregado a la C\u00e1mara de Diputados.<\/p>\n<p>En conferencia de prensa, L\u00f3pez Hern\u00e1ndez dijo que la iniciativa de reforma responde al \u201ca\u00f1ejo reclamo de los ciudadanos\u201d para que haya una reducci\u00f3n de diputados plurinominales, desaparezcan los senadores de lista o plurinominales, que los organismos electorales sean los integrantes de los organismos electorales, \u201cno nada m\u00e1s reduzca su n\u00famero, sino que sean electos de manera directa por los ciudadanos, mediante un proceso en el cual los tres poderes del estado van a proponer a ciudadanos para que sean los integrantes de ese organismo\u201d.<\/p>\n<p>Dijo adem\u00e1s que se propone la reducci\u00f3n del financiamiento a los partidos pol\u00edticos, de las elecciones y \u201cse garantiza, con la posibilidad del voto electr\u00f3nico, que haya todav\u00eda mayor certeza en la participaci\u00f3n de los ciudadanos, quienes podr\u00e1n optar por votar de manera electr\u00f3nica o votar en las casillas como hasta ahora se hace\u201d.<\/p>\n<p>El secretario de Gobernaci\u00f3n dijo adem\u00e1s que los procesos electorales en el pa\u00eds, \u201catendiendo un reclamo ciudadano, dejar\u00e1n de ser los m\u00e1s caros del mundo y habr\u00e1 procedimientos modernos para finalmente que se instaure, se normalice, la vida democr\u00e1tica en el pa\u00eds con la participaci\u00f3n directa de los ciudadanos\u201d.<\/p>\n<p>Por su parte, el administrador general de Aduanas en Servicio de Administraci\u00f3n Tributaria, Horacio Duarte, uno de los redactores de la reforma en materia electoral, dijo que en la propuesta se modifican 18 art\u00edculos constitucionales, \u201chabr\u00e1 siete art\u00edculos transitorios que van a contener esta reforma democr\u00e1tica que busca b\u00e1sicamente, como primer objetivo, hacer m\u00e1s barata la democracia en nuestro pa\u00eds\u201d.<\/p>\n<p>Uno de los cambios destacados, mencion\u00f3, ser\u00e1 la creaci\u00f3n del Instituto Nacional de Elecciones y Consultas (INEC), en sustituci\u00f3n del Instituto Nacional Electoral (INE).<\/p>\n<p>\u201cDerivado de este nuevo modelo de autoridad electoral, tanto en el tema de consejeros como en el tema de magistrados (Tribunal Electoral), habr\u00e1 un mecanismo de designaci\u00f3n a trav\u00e9s del voto popular el primer domingo del mes de agosto, siendo los candidatos postulados por los tres Poderes de la Uni\u00f3n\u201d, adelant\u00f3, y precis\u00f3 que se propone una reducci\u00f3n de consejeros electorales, de 11 a siete.<\/p>\n<p>Tambi\u00e9n se propone la desaparici\u00f3n de los organismos p\u00fablicos locales electorales (OPLE), \u201cque son los organismos de los estados encargados de los procesos electorales, lo mismo de los tribunales electorales locales\u201d.<\/p>\n<p>Estos temas, reiter\u00f3, son exigencias ciudadanas con el fin de abaratar la democracia, \u201cy con esto estamos logrando este objetivo\u201d.<\/p>\n<p>Entre esas exigencias, precis\u00f3, \u201cy para darle coherencia a esta propuesta\u201d, est\u00e1 la eliminaci\u00f3n de diputados plurinominales y una \u201creducci\u00f3n sustancial\u201d del n\u00famero de legisladores federales y locales.<\/p>\n<p>\u201cVa a tocar tanto la Legislatura federal como las legislaturas de los estados, en el caso de la C\u00e1mara de Diputados pasando a 300 diputados\u201d, dijo, y afirm\u00f3: \u201cDisminuir 200 diputados en el Congreso de la Uni\u00f3n es un avance fundamental, manteniendo evidentemente la pluralidad que requiere el pa\u00eds\u201d.<\/p>\n<p>En el caso de la C\u00e1mara de Senadores, donde hay 128 legisladores, este n\u00famero se reducir\u00e1 a 96.<\/p>\n<p>Horacio Duarte coment\u00f3 que en el caso de los congresos locales se establecer\u00e1n rangos para la capacidad de legisladores: m\u00ednimo 15 y m\u00e1ximo 45 diputados, \u201cconformados seg\u00fan el n\u00famero de poblaci\u00f3n que tiene cada una de las entidades federativas\u201d.<\/p>\n<p>La reforma tambi\u00e9n buscar\u00e1 reducir a nueve la cantidad de regidores en los ayuntamientos, \u201csosteniendo como principio el que el ahorro que se va a lograr con esta reforma va a garantizar que se disponga de recursos para otras inversiones en el \u00e1mbito, tanto federal como en el \u00e1mbito estatal\u201d, enfatiz\u00f3.<\/p>\n<p>EL AHORRO ESTIMADO POR ESTA REFORMA ES DE 24 MIL MILLONES.<\/p>\n<p>Sobre el financiamiento a los partidos dijo que se modificar\u00e1 para garantizar que s\u00f3lo sea utilizado para campa\u00f1as electorales, \u201chaciendo tambi\u00e9n un mecanismo que evite que las burocracias partidarias tengan, dispongan, de recursos todos los a\u00f1os, todos los meses, como actualmente sucede, que fue un mecanismo que en su momento pervirti\u00f3 la actividad democr\u00e1tica de los partidos pol\u00edticos y garantizando que los partidos, cuando est\u00e9n en la contienda electoral, s\u00ed dispongan de recursos p\u00fablicos, pero no de financiamiento ordinario permanente\u201d.<\/p>\n<p>Tambi\u00e9n propone la reducci\u00f3n al 33% de la participaci\u00f3n ciudadana para que la revocaci\u00f3n de mandato sea vinculante; otra de las modificaciones permitir\u00e1 difundir propaganda gubernamental que se considere relativa a servicios p\u00fablicos y de car\u00e1cter informativo con relaci\u00f3n a procesos electorales.<\/p>\n<p>\u201cLa reforma considera hacer una sola legislaci\u00f3n electoral (Legislaci\u00f3n \u00danica en Materia Electoral). Este es un tema importante, para hacer que la democracia sea funcional, sea m\u00e1s eficiente, lo que estamos logrando con esta reforma es que los ciudadanos tengan empoderamiento muy importante\u201d, dijo.<\/p>\n<p>La reforma, enfatiz\u00f3, propone que sean los ciudadanos los que decidan a las autoridades electorales y no como actualmente se hace, que \u201clas c\u00fapulas de los partidos hacen acuerdos en el Congreso, definen cuotas, y tenemos despu\u00e9s autoridades electorales que se convierten en contendiente directo, en vez de que sean los partidos o los candidatos\u201d.<\/p>\n","protected":false},"excerpt":{"rendered":"<p>abril 28, 2022 Gustavo R. Gallardo \/ Metapol\u00edtica. Julio Astillero. El secretario de Gobernaci\u00f3n, Ad\u00e1n Augusto L\u00f3pez Hern\u00e1ndez, dio a conocer la iniciativa de reforma democr\u00e1tica que ser\u00e1 presentada hoy a la C\u00e1mara de Diputados, con la que se busca eliminar a representantes plurinominales, reducir la cantidad de legisladores en todos los niveles, los consejeros [&hellip;]<\/p>\n","protected":false},"author":9,"featured_media":28231,"comment_status":"closed","ping_status":"closed","sticky":false,"template":"","format":"standard","meta":{"footnotes":""},"categories":[19],"tags":[124],"class_list":["post-28230","post","type-post","status-publish","format-standard","has-post-thumbnail","hentry","category-nacional","tag-amlo"],"_links":{"self":[{"href":"https:\/\/laultimapalabra.com.mx\/portal\/wp-json\/wp\/v2\/posts\/28230","targetHints":{"allow":["GET"]}}],"collection":[{"href":"https:\/\/laultimapalabra.com.mx\/portal\/wp-json\/wp\/v2\/posts"}],"about":[{"href":"https:\/\/laultimapalabra.com.mx\/portal\/wp-json\/wp\/v2\/types\/post"}],"author":[{"embeddable":true,"href":"https:\/\/laultimapalabra.com.mx\/portal\/wp-json\/wp\/v2\/users\/9"}],"replies":[{"embeddable":true,"href":"https:\/\/laultimapalabra.com.mx\/portal\/wp-json\/wp\/v2\/comments?post=28230"}],"version-history":[{"count":2,"href":"https:\/\/laultimapalabra.com.mx\/portal\/wp-json\/wp\/v2\/posts\/28230\/revisions"}],"predecessor-version":[{"id":76328,"href":"https:\/\/laultimapalabra.com.mx\/portal\/wp-json\/wp\/v2\/posts\/28230\/revisions\/76328"}],"wp:featuredmedia":[{"embeddable":true,"href":"https:\/\/laultimapalabra.com.mx\/portal\/wp-json\/wp\/v2\/media\/28231"}],"wp:attachment":[{"href":"https:\/\/laultimapalabra.com.mx\/portal\/wp-json\/wp\/v2\/media?parent=28230"}],"wp:term":[{"taxonomy":"category","embeddable":true,"href":"https:\/\/laultimapalabra.com.mx\/portal\/wp-json\/wp\/v2\/categories?post=28230"},{"taxonomy":"post_tag","embeddable":true,"href":"https:\/\/laultimapalabra.com.mx\/portal\/wp-json\/wp\/v2\/tags?post=28230"}],"curies":[{"name":"wp","href":"https:\/\/api.w.org\/{rel}","templated":true}]}}