                       {"id":28272,"date":"2022-04-29T14:24:00","date_gmt":"2022-04-29T20:24:00","guid":{"rendered":"https:\/\/laultimapalabra.com.mx\/portal\/?p=28272"},"modified":"2024-12-11T11:16:18","modified_gmt":"2024-12-11T17:16:18","slug":"arranca-paco-trevino-obra-vial-y-pluvial-en-urbivilla-de","status":"publish","type":"post","link":"https:\/\/laultimapalabra.com.mx\/portal\/arranca-paco-trevino-obra-vial-y-pluvial-en-urbivilla-de\/","title":{"rendered":"Arranca Paco Trevi\u00f1o obra vial y pluvial en Urbivilla de"},"content":{"rendered":"<p>Ju\u00e1rez, N.L.- El Gobierno de Ju\u00e1rez, encabezado por Paco Trevi\u00f1o, di\u00f3 arranque a una obra vial y pluvial en la colonia Urbivilla del Real.<\/p>\n<p><img loading=\"lazy\" decoding=\"async\" class=\"alignnone size-medium wp-image-28275\" src=\"https:\/\/laultimapalabra.com.mx\/portal\/wp-content\/uploads\/2022\/04\/IMG-20220429-WA0012-300x225.jpg\" alt=\"\" width=\"300\" height=\"225\" srcset=\"https:\/\/laultimapalabra.com.mx\/portal\/wp-content\/uploads\/2022\/04\/IMG-20220429-WA0012-300x225.jpg 300w, https:\/\/laultimapalabra.com.mx\/portal\/wp-content\/uploads\/2022\/04\/IMG-20220429-WA0012-1024x768.jpg 1024w, https:\/\/laultimapalabra.com.mx\/portal\/wp-content\/uploads\/2022\/04\/IMG-20220429-WA0012-768x576.jpg 768w, https:\/\/laultimapalabra.com.mx\/portal\/wp-content\/uploads\/2022\/04\/IMG-20220429-WA0012.jpg 1040w\" sizes=\"auto, (max-width: 300px) 100vw, 300px\" \/><\/p>\n<p>Se trata de la rehabilitaci\u00f3n de un tramo de la avenida principal que es la que divide las colonias Urbivilla y Praderas de San Juan, es abajo de la autopista un t\u00fanel donde siempre hay encharcamientos y brotan muchos baches.<\/p>\n<p><img loading=\"lazy\" decoding=\"async\" class=\"alignnone size-medium wp-image-28276\" src=\"https:\/\/laultimapalabra.com.mx\/portal\/wp-content\/uploads\/2022\/04\/IMG-20220429-WA0013-300x225.jpg\" alt=\"\" width=\"300\" height=\"225\" srcset=\"https:\/\/laultimapalabra.com.mx\/portal\/wp-content\/uploads\/2022\/04\/IMG-20220429-WA0013-300x225.jpg 300w, https:\/\/laultimapalabra.com.mx\/portal\/wp-content\/uploads\/2022\/04\/IMG-20220429-WA0013-1024x768.jpg 1024w, https:\/\/laultimapalabra.com.mx\/portal\/wp-content\/uploads\/2022\/04\/IMG-20220429-WA0013-768x576.jpg 768w, https:\/\/laultimapalabra.com.mx\/portal\/wp-content\/uploads\/2022\/04\/IMG-20220429-WA0013.jpg 1040w\" sizes=\"auto, (max-width: 300px) 100vw, 300px\" \/><\/p>\n<p>La obra consiste en la rehabilitaci\u00f3n de 3,500 metros cuadrados entre asfalto, carpeta asf\u00e1ltica y concreto hidr\u00e1ulico, la cual tendra una duraci\u00f3n de dos meses y como es el \u00fanico acceso a la colonia, se planea desviar el trafico por la colonia Los Puertos.<\/p>\n<p>El arranque fue al mediod\u00eda en la Avenida del Metal en la colonia Urbivilla del Real.<\/p>\n","protected":false},"excerpt":{"rendered":"<p>Ju\u00e1rez, N.L.- El Gobierno de Ju\u00e1rez, encabezado por Paco Trevi\u00f1o, di\u00f3 arranque a una obra vial y pluvial en la colonia Urbivilla del Real. Se trata de la rehabilitaci\u00f3n de un tramo de la avenida principal que es la que divide las colonias Urbivilla y Praderas de San Juan, es abajo de la autopista un [&hellip;]<\/p>\n","protected":false},"author":9,"featured_media":28274,"comment_status":"closed","ping_status":"closed","sticky":false,"template":"","format":"standard","meta":{"footnotes":""},"categories":[18,1],"tags":[1355,4246],"class_list":["post-28272","post","type-post","status-publish","format-standard","has-post-thumbnail","hentry","category-locales-juarez","category-noticias","tag-juarez","tag-reparacion"],"_links":{"self":[{"href":"https:\/\/laultimapalabra.com.mx\/portal\/wp-json\/wp\/v2\/posts\/28272","targetHints":{"allow":["GET"]}}],"collection":[{"href":"https:\/\/laultimapalabra.com.mx\/portal\/wp-json\/wp\/v2\/posts"}],"about":[{"href":"https:\/\/laultimapalabra.com.mx\/portal\/wp-json\/wp\/v2\/types\/post"}],"author":[{"embeddable":true,"href":"https:\/\/laultimapalabra.com.mx\/portal\/wp-json\/wp\/v2\/users\/9"}],"replies":[{"embeddable":true,"href":"https:\/\/laultimapalabra.com.mx\/portal\/wp-json\/wp\/v2\/comments?post=28272"}],"version-history":[{"count":3,"href":"https:\/\/laultimapalabra.com.mx\/portal\/wp-json\/wp\/v2\/posts\/28272\/revisions"}],"predecessor-version":[{"id":76350,"href":"https:\/\/laultimapalabra.com.mx\/portal\/wp-json\/wp\/v2\/posts\/28272\/revisions\/76350"}],"wp:featuredmedia":[{"embeddable":true,"href":"https:\/\/laultimapalabra.com.mx\/portal\/wp-json\/wp\/v2\/media\/28274"}],"wp:attachment":[{"href":"https:\/\/laultimapalabra.com.mx\/portal\/wp-json\/wp\/v2\/media?parent=28272"}],"wp:term":[{"taxonomy":"category","embeddable":true,"href":"https:\/\/laultimapalabra.com.mx\/portal\/wp-json\/wp\/v2\/categories?post=28272"},{"taxonomy":"post_tag","embeddable":true,"href":"https:\/\/laultimapalabra.com.mx\/portal\/wp-json\/wp\/v2\/tags?post=28272"}],"curies":[{"name":"wp","href":"https:\/\/api.w.org\/{rel}","templated":true}]}}