                       {"id":28278,"date":"2022-04-29T14:34:43","date_gmt":"2022-04-29T20:34:43","guid":{"rendered":"https:\/\/laultimapalabra.com.mx\/portal\/?p=28278"},"modified":"2024-12-11T11:16:18","modified_gmt":"2024-12-11T17:16:18","slug":"plantea-amlo-que-sedena-vigile-espacio-aereo-contra-narco","status":"publish","type":"post","link":"https:\/\/laultimapalabra.com.mx\/portal\/plantea-amlo-que-sedena-vigile-espacio-aereo-contra-narco\/","title":{"rendered":"Plantea AMLO que Sedena vigile espacio a\u00e9reo contra narco"},"content":{"rendered":"<p>El Presidente Andr\u00e9s Manuel L\u00f3pez Obrador propuso a la C\u00e1mara de Diputados una nueva ley para que la Secretar\u00eda de la Defensa Nacional sea la encargada de vigilar y proteger el espacio a\u00e9reo nacional, a fin de detener el tr\u00e1fico de droga por medio de la aviaci\u00f3n civil.<\/p>\n<p>Mediante una iniciativa para expedir la Ley de Protecci\u00f3n del Espacio A\u00e9reo Mexicano, el Ejecutivo reconoce presiones internacionales por el tr\u00e1fico de drogas v\u00eda a\u00e9rea y propone que la Sedena sea la dependencia que vigile el espacio a\u00e9reo.<\/p>\n<p>&#8220;El servicio de Aduana y Protecci\u00f3n Fronteriza de los Estados Unidos de Am\u00e9rica report\u00f3 que en 2019 ingresaron a ese pa\u00eds 118 toneladas de coca\u00edna por v\u00eda a\u00e9rea, con un costo estimado de 135 mil millones de pesos.<\/p>\n<p>&#8220;Para M\u00e9xico, esta situaci\u00f3n genera presi\u00f3n pol\u00edtica internacional, debido a los da\u00f1os a la salud, la violencia y los actos de corrupci\u00f3n que presupone&#8221;, cita la iniciativa para dimensionar el problema.<\/p>\n<p>Fuente: El Norte<\/p>\n","protected":false},"excerpt":{"rendered":"<p>El Presidente Andr\u00e9s Manuel L\u00f3pez Obrador propuso a la C\u00e1mara de Diputados una nueva ley para que la Secretar\u00eda de la Defensa Nacional sea la encargada de vigilar y proteger el espacio a\u00e9reo nacional, a fin de detener el tr\u00e1fico de droga por medio de la aviaci\u00f3n civil. Mediante una iniciativa para expedir la Ley [&hellip;]<\/p>\n","protected":false},"author":9,"featured_media":28279,"comment_status":"closed","ping_status":"closed","sticky":false,"template":"","format":"standard","meta":{"footnotes":""},"categories":[19],"tags":[124,4247],"class_list":["post-28278","post","type-post","status-publish","format-standard","has-post-thumbnail","hentry","category-nacional","tag-amlo","tag-narcos"],"_links":{"self":[{"href":"https:\/\/laultimapalabra.com.mx\/portal\/wp-json\/wp\/v2\/posts\/28278","targetHints":{"allow":["GET"]}}],"collection":[{"href":"https:\/\/laultimapalabra.com.mx\/portal\/wp-json\/wp\/v2\/posts"}],"about":[{"href":"https:\/\/laultimapalabra.com.mx\/portal\/wp-json\/wp\/v2\/types\/post"}],"author":[{"embeddable":true,"href":"https:\/\/laultimapalabra.com.mx\/portal\/wp-json\/wp\/v2\/users\/9"}],"replies":[{"embeddable":true,"href":"https:\/\/laultimapalabra.com.mx\/portal\/wp-json\/wp\/v2\/comments?post=28278"}],"version-history":[{"count":3,"href":"https:\/\/laultimapalabra.com.mx\/portal\/wp-json\/wp\/v2\/posts\/28278\/revisions"}],"predecessor-version":[{"id":76352,"href":"https:\/\/laultimapalabra.com.mx\/portal\/wp-json\/wp\/v2\/posts\/28278\/revisions\/76352"}],"wp:featuredmedia":[{"embeddable":true,"href":"https:\/\/laultimapalabra.com.mx\/portal\/wp-json\/wp\/v2\/media\/28279"}],"wp:attachment":[{"href":"https:\/\/laultimapalabra.com.mx\/portal\/wp-json\/wp\/v2\/media?parent=28278"}],"wp:term":[{"taxonomy":"category","embeddable":true,"href":"https:\/\/laultimapalabra.com.mx\/portal\/wp-json\/wp\/v2\/categories?post=28278"},{"taxonomy":"post_tag","embeddable":true,"href":"https:\/\/laultimapalabra.com.mx\/portal\/wp-json\/wp\/v2\/tags?post=28278"}],"curies":[{"name":"wp","href":"https:\/\/api.w.org\/{rel}","templated":true}]}}