                       {"id":28284,"date":"2022-04-29T15:39:12","date_gmt":"2022-04-29T21:39:12","guid":{"rendered":"https:\/\/laultimapalabra.com.mx\/portal\/?p=28284"},"modified":"2024-12-11T11:16:18","modified_gmt":"2024-12-11T17:16:18","slug":"eu-busca-alianza-en-migracion-no-presionar-biden-a-amlo","status":"publish","type":"post","link":"https:\/\/laultimapalabra.com.mx\/portal\/eu-busca-alianza-en-migracion-no-presionar-biden-a-amlo\/","title":{"rendered":"EU busca alianza en migraci\u00f3n, no presionar: Biden a AMLO"},"content":{"rendered":"<p>Estados Unidos no busca presionar a M\u00e9xico en el tema migratorio. La intenci\u00f3n es ser aliados y tener coordinaci\u00f3n al m\u00e1s alto nivel para reducir los flujos de migraci\u00f3n irregular que buscan llegar a territorio estadunidense, inform\u00f3 la Casa Blanca.<\/p>\n<p>La migraci\u00f3n fue uno de los principales temas de la llamada telef\u00f3nica que este viernes tuvieron los presidentes de ambos pa\u00edses: Andr\u00e9s Manuel L\u00f3pez Obrador y Joe Biden, que se prolong\u00f3 casi por una hora.<\/p>\n<p>El mexicano dijo a trav\u00e9s de sus redes sociales que fue una conversaci\u00f3n cordial y que el canciller Marcelo Ebrard Casaub\u00f3n estar\u00e1 el lunes en Washington para comenzar a definir la Cumbre de las Am\u00e9ricas, que se celebrar\u00e1 del 6 al 10 de junio en Los \u00c1ngeles, California.<\/p>\n<p>Los temas centrales que abordaron ambos presidentes fueron atender las causas de la migraci\u00f3n con mucho mayor inversi\u00f3n en Centroam\u00e9rica y que en la Cumbre de las Am\u00e9ricas a celebrarse en junio est\u00e9n todos los pa\u00edses del continente sin excepci\u00f3n alguna, afirm\u00f3 el canciller Marcelo Ebrard.<\/p>\n<p>Durante una conferencia de medios, la vocera de la Casa Blanca, Jen Psaki, inform\u00f3 que \u201cfue una llamada cordial, de ninguna manera el presidente Biden quiso amenazar al presidente de M\u00e9xico. Queremos seguir actuando como aliados y precisamente porque estamos tratando que se suspenda el t\u00edtulo 42\u201d, respondi\u00f3 la vocera a una pregunta sobre si la actual administraci\u00f3n ejercer\u00eda una presi\u00f3n como la que hizo el ex presidente Donald Trump para que M\u00e9xico aplicara mayores controles de los flujos de migraci\u00f3n irregular.<\/p>\n<p>La funcionaria estadunidense subray\u00f3 que \u201cM\u00e9xico ha sido un gran aliado de Estados Unidos\u201d en ese respecto. Y el tema ha sido de la coordinaci\u00f3n en el mas alto nivel, \u201cme refiero a los equipos de seguridad nacional de ambos pa\u00edses, y habr\u00e1 importantes encuentros en pr\u00f3ximas semanas\u201d<\/p>\n<p>Otro punto en la agenda, apunt\u00f3 Psaki, fue la coordinaci\u00f3n econ\u00f3mica.<\/p>\n<p>En tanto, el presidente L\u00f3pez Obrador public\u00f3 en Twitter que la conversaci\u00f3n con su hom\u00f3logo estadunidense fue cordial y se habl\u00f3 de varios puntos.<\/p>\n<p>\u201cTratamos temas de inter\u00e9s en la relaci\u00f3n bilateral y acordamos que el secretario Marcelo Ebrard visitar\u00e1 Washington el lunes para avanzar en temas de cooperaci\u00f3n para el desarrollo y sobre la Cumbre de las Am\u00e9ricas\u201d, apunt\u00f3 el mandatario.<\/p>\n<p>Fuente: La Jornada<\/p>\n","protected":false},"excerpt":{"rendered":"<p>Estados Unidos no busca presionar a M\u00e9xico en el tema migratorio. La intenci\u00f3n es ser aliados y tener coordinaci\u00f3n al m\u00e1s alto nivel para reducir los flujos de migraci\u00f3n irregular que buscan llegar a territorio estadunidense, inform\u00f3 la Casa Blanca. La migraci\u00f3n fue uno de los principales temas de la llamada telef\u00f3nica que este viernes [&hellip;]<\/p>\n","protected":false},"author":9,"featured_media":28285,"comment_status":"closed","ping_status":"closed","sticky":false,"template":"","format":"standard","meta":{"footnotes":""},"categories":[16],"tags":[124,4248],"class_list":["post-28284","post","type-post","status-publish","format-standard","has-post-thumbnail","hentry","category-internacional","tag-amlo","tag-biden"],"_links":{"self":[{"href":"https:\/\/laultimapalabra.com.mx\/portal\/wp-json\/wp\/v2\/posts\/28284","targetHints":{"allow":["GET"]}}],"collection":[{"href":"https:\/\/laultimapalabra.com.mx\/portal\/wp-json\/wp\/v2\/posts"}],"about":[{"href":"https:\/\/laultimapalabra.com.mx\/portal\/wp-json\/wp\/v2\/types\/post"}],"author":[{"embeddable":true,"href":"https:\/\/laultimapalabra.com.mx\/portal\/wp-json\/wp\/v2\/users\/9"}],"replies":[{"embeddable":true,"href":"https:\/\/laultimapalabra.com.mx\/portal\/wp-json\/wp\/v2\/comments?post=28284"}],"version-history":[{"count":2,"href":"https:\/\/laultimapalabra.com.mx\/portal\/wp-json\/wp\/v2\/posts\/28284\/revisions"}],"predecessor-version":[{"id":76356,"href":"https:\/\/laultimapalabra.com.mx\/portal\/wp-json\/wp\/v2\/posts\/28284\/revisions\/76356"}],"wp:featuredmedia":[{"embeddable":true,"href":"https:\/\/laultimapalabra.com.mx\/portal\/wp-json\/wp\/v2\/media\/28285"}],"wp:attachment":[{"href":"https:\/\/laultimapalabra.com.mx\/portal\/wp-json\/wp\/v2\/media?parent=28284"}],"wp:term":[{"taxonomy":"category","embeddable":true,"href":"https:\/\/laultimapalabra.com.mx\/portal\/wp-json\/wp\/v2\/categories?post=28284"},{"taxonomy":"post_tag","embeddable":true,"href":"https:\/\/laultimapalabra.com.mx\/portal\/wp-json\/wp\/v2\/tags?post=28284"}],"curies":[{"name":"wp","href":"https:\/\/api.w.org\/{rel}","templated":true}]}}