                       {"id":28287,"date":"2022-04-29T15:42:40","date_gmt":"2022-04-29T21:42:40","guid":{"rendered":"https:\/\/laultimapalabra.com.mx\/portal\/?p=28287"},"modified":"2024-12-11T11:16:18","modified_gmt":"2024-12-11T17:16:18","slug":"cae-asaltante-de-mirador-de-san-antonio","status":"publish","type":"post","link":"https:\/\/laultimapalabra.com.mx\/portal\/cae-asaltante-de-mirador-de-san-antonio\/","title":{"rendered":"Cae asaltante de Mirador de San Antonio"},"content":{"rendered":"<p>Ju\u00e1rez, N.L.<\/p>\n<p>Un sujeto fue detenido por elementos de Seguridad P\u00fablica de Ju\u00e1rez, por atracar en forma violenta a un empleado de un Oxxo.<\/p>\n<p><img loading=\"lazy\" decoding=\"async\" class=\"alignnone size-medium wp-image-28289\" src=\"https:\/\/laultimapalabra.com.mx\/portal\/wp-content\/uploads\/2022\/04\/IMG-20220429-WA0032-225x300.jpg\" alt=\"\" width=\"225\" height=\"300\" srcset=\"https:\/\/laultimapalabra.com.mx\/portal\/wp-content\/uploads\/2022\/04\/IMG-20220429-WA0032-225x300.jpg 225w, https:\/\/laultimapalabra.com.mx\/portal\/wp-content\/uploads\/2022\/04\/IMG-20220429-WA0032-768x1024.jpg 768w, https:\/\/laultimapalabra.com.mx\/portal\/wp-content\/uploads\/2022\/04\/IMG-20220429-WA0032-1152x1536.jpg 1152w, https:\/\/laultimapalabra.com.mx\/portal\/wp-content\/uploads\/2022\/04\/IMG-20220429-WA0032.jpg 1200w\" sizes=\"auto, (max-width: 225px) 100vw, 225px\" \/><\/p>\n<p>Los hechos ocurridos esta semana se suscitaron en la avenida Paseo San Juan y la calle Efra\u00edn, cuando una unidad de polic\u00eda pasaba por el lugar y un empleado de un Oxxo, les grit\u00f3 que lo hab\u00edan asaltado con un arma blanca.<\/p>\n<p>Se\u00f1al\u00f3 el trabajador del negocio a un sujeto, quien ingres\u00f3 a la tienda y al salir el empleado a tirar la basura lo sigui\u00f3 y con un objeto punzocortante, lo amag\u00f3 y le quit\u00f3 su cartera para enseguida emprender la huida.<\/p>\n<p>Con la media filiaci\u00f3n, los uniformados lo rastrearon y lo detuvieron unas calles m\u00e1s adelante con la cartera con 300 pesos en su interior y las credenciales de la v\u00edctima, adem\u00e1s de un desarmador.<\/p>\n<ol>\n<li>El sujeto quien dijo llamarse Jord\u00e1n S, de 28 a\u00f1os de edad, fue puesto a disposici\u00f3n de las autoridades competentes.<\/li>\n<\/ol>\n","protected":false},"excerpt":{"rendered":"<p>Ju\u00e1rez, N.L. Un sujeto fue detenido por elementos de Seguridad P\u00fablica de Ju\u00e1rez, por atracar en forma violenta a un empleado de un Oxxo. Los hechos ocurridos esta semana se suscitaron en la avenida Paseo San Juan y la calle Efra\u00edn, cuando una unidad de polic\u00eda pasaba por el lugar y un empleado de un [&hellip;]<\/p>\n","protected":false},"author":9,"featured_media":28288,"comment_status":"closed","ping_status":"closed","sticky":false,"template":"","format":"standard","meta":{"footnotes":""},"categories":[1,10],"tags":[183,1355],"class_list":["post-28287","post","type-post","status-publish","format-standard","has-post-thumbnail","hentry","category-noticias","category-seguridad-juarez","tag-asalto","tag-juarez"],"_links":{"self":[{"href":"https:\/\/laultimapalabra.com.mx\/portal\/wp-json\/wp\/v2\/posts\/28287","targetHints":{"allow":["GET"]}}],"collection":[{"href":"https:\/\/laultimapalabra.com.mx\/portal\/wp-json\/wp\/v2\/posts"}],"about":[{"href":"https:\/\/laultimapalabra.com.mx\/portal\/wp-json\/wp\/v2\/types\/post"}],"author":[{"embeddable":true,"href":"https:\/\/laultimapalabra.com.mx\/portal\/wp-json\/wp\/v2\/users\/9"}],"replies":[{"embeddable":true,"href":"https:\/\/laultimapalabra.com.mx\/portal\/wp-json\/wp\/v2\/comments?post=28287"}],"version-history":[{"count":2,"href":"https:\/\/laultimapalabra.com.mx\/portal\/wp-json\/wp\/v2\/posts\/28287\/revisions"}],"predecessor-version":[{"id":76358,"href":"https:\/\/laultimapalabra.com.mx\/portal\/wp-json\/wp\/v2\/posts\/28287\/revisions\/76358"}],"wp:featuredmedia":[{"embeddable":true,"href":"https:\/\/laultimapalabra.com.mx\/portal\/wp-json\/wp\/v2\/media\/28288"}],"wp:attachment":[{"href":"https:\/\/laultimapalabra.com.mx\/portal\/wp-json\/wp\/v2\/media?parent=28287"}],"wp:term":[{"taxonomy":"category","embeddable":true,"href":"https:\/\/laultimapalabra.com.mx\/portal\/wp-json\/wp\/v2\/categories?post=28287"},{"taxonomy":"post_tag","embeddable":true,"href":"https:\/\/laultimapalabra.com.mx\/portal\/wp-json\/wp\/v2\/tags?post=28287"}],"curies":[{"name":"wp","href":"https:\/\/api.w.org\/{rel}","templated":true}]}}