                       {"id":283,"date":"2018-02-08T23:08:48","date_gmt":"2018-02-08T23:08:48","guid":{"rendered":"http:\/\/laultimapalabra.info\/?p=283"},"modified":"2024-12-11T08:36:56","modified_gmt":"2024-12-11T14:36:56","slug":"mr-siberio-va-por-el-23","status":"publish","type":"post","link":"https:\/\/laultimapalabra.com.mx\/portal\/mr-siberio-va-por-el-23\/","title":{"rendered":"Mr. Siberio va por el 23"},"content":{"rendered":"<p style=\"text-align: justify;\"><img loading=\"lazy\" decoding=\"async\" class=\"size-medium wp-image-285 alignleft\" src=\"https:\/\/laultimapalabra.com.mx\/portal\/wp-content\/uploads\/2018\/02\/DSCN7518-1-225x300.jpg\" alt=\"\" width=\"225\" height=\"300\" \/>Miguel Oscar P\u00e9rez<br \/>\nCd. Benito Ju\u00e1rez,\u00a0 N. L.- Jos\u00e9 Santos Garc\u00eda Cortez, conocido como \u201cMister Siberio\u201d, derivado de su empresa gastron\u00f3mica de tostadas, busca ser favorecido con una diputaci\u00f3n plurinominal por el distrito 22 por Morena.<br \/>\nEl pasado martes seis de febrero se llev\u00f3 a cabo en el sal\u00f3n de fiesta \u201cPixeles\u201d un registro de apoyo para los aspirantes a la diputaci\u00f3n por el distrito 22 local por la v\u00eda plurinominal, que se llevar\u00e1 a cabo por medio de una t\u00f3mbola en la ciudad de M\u00e9xico.<br \/>\nEl evento en el local que se encuentra en avenida Las Torres en la colonia Paseo Del Prado de las nueve a las 11 de la ma\u00f1ana, se desarroll\u00f3 con total calma.<br \/>\nAparte de Mister Siberio se inscribi\u00f3 Julia Espinoza de los Monteros ex candidata a la alcald\u00eda de Ju\u00e1rez, aparte de otro aspirante de nombre \u201cRay\u201d.<\/p>\n","protected":false},"excerpt":{"rendered":"<p>Miguel Oscar P\u00e9rez Cd. Benito Ju\u00e1rez,\u00a0 N. L.- Jos\u00e9 Santos Garc\u00eda Cortez, conocido como \u201cMister Siberio\u201d, derivado de su empresa gastron\u00f3mica de tostadas, busca ser favorecido con una diputaci\u00f3n plurinominal por el distrito 22 por Morena. El pasado martes seis de febrero se llev\u00f3 a cabo en el sal\u00f3n de fiesta \u201cPixeles\u201d un registro de [&hellip;]<\/p>\n","protected":false},"author":9,"featured_media":285,"comment_status":"open","ping_status":"closed","sticky":false,"template":"","format":"standard","meta":{"footnotes":""},"categories":[18],"tags":[1346],"class_list":["post-283","post","type-post","status-publish","format-standard","has-post-thumbnail","hentry","category-locales-juarez","tag-jose-santos-garcia-cortez"],"_links":{"self":[{"href":"https:\/\/laultimapalabra.com.mx\/portal\/wp-json\/wp\/v2\/posts\/283","targetHints":{"allow":["GET"]}}],"collection":[{"href":"https:\/\/laultimapalabra.com.mx\/portal\/wp-json\/wp\/v2\/posts"}],"about":[{"href":"https:\/\/laultimapalabra.com.mx\/portal\/wp-json\/wp\/v2\/types\/post"}],"author":[{"embeddable":true,"href":"https:\/\/laultimapalabra.com.mx\/portal\/wp-json\/wp\/v2\/users\/9"}],"replies":[{"embeddable":true,"href":"https:\/\/laultimapalabra.com.mx\/portal\/wp-json\/wp\/v2\/comments?post=283"}],"version-history":[{"count":1,"href":"https:\/\/laultimapalabra.com.mx\/portal\/wp-json\/wp\/v2\/posts\/283\/revisions"}],"predecessor-version":[{"id":63215,"href":"https:\/\/laultimapalabra.com.mx\/portal\/wp-json\/wp\/v2\/posts\/283\/revisions\/63215"}],"wp:featuredmedia":[{"embeddable":true,"href":"https:\/\/laultimapalabra.com.mx\/portal\/wp-json\/"}],"wp:attachment":[{"href":"https:\/\/laultimapalabra.com.mx\/portal\/wp-json\/wp\/v2\/media?parent=283"}],"wp:term":[{"taxonomy":"category","embeddable":true,"href":"https:\/\/laultimapalabra.com.mx\/portal\/wp-json\/wp\/v2\/categories?post=283"},{"taxonomy":"post_tag","embeddable":true,"href":"https:\/\/laultimapalabra.com.mx\/portal\/wp-json\/wp\/v2\/tags?post=283"}],"curies":[{"name":"wp","href":"https:\/\/api.w.org\/{rel}","templated":true}]}}