                       {"id":28312,"date":"2022-05-01T13:48:39","date_gmt":"2022-05-01T19:48:39","guid":{"rendered":"https:\/\/laultimapalabra.com.mx\/portal\/?p=28312"},"modified":"2024-12-11T11:16:18","modified_gmt":"2024-12-11T17:16:18","slug":"festeja-alcalde-a-pequenos-de-juarez-por-el-dia-del-nino","status":"publish","type":"post","link":"https:\/\/laultimapalabra.com.mx\/portal\/festeja-alcalde-a-pequenos-de-juarez-por-el-dia-del-nino\/","title":{"rendered":"FESTEJA ALCALDE A PEQUE\u00d1OS DE JU\u00c1REZ POR EL D\u00cdA DEL NI\u00d1O"},"content":{"rendered":"<p><span style=\"font-size: 1rem;\">Ju\u00e1rez, N.L.-El Alcalde Francisco Trevi\u00f1o Cant\u00fa encabez\u00f3 diversos eventos en el municipio de Ju\u00e1rez para festejar a los peque\u00f1os por el D\u00eda del Ni\u00f1o, que se celebra este 30 de Abril, y adem\u00e1s de felicitarlos les dese\u00f3 que la pasen de lo mejor en compa\u00f1\u00eda de sus familias.<\/span><\/p>\n<p><img loading=\"lazy\" decoding=\"async\" class=\"alignnone size-medium wp-image-28313\" src=\"https:\/\/laultimapalabra.com.mx\/portal\/wp-content\/uploads\/2022\/05\/IMG_2949-300x200.jpg\" alt=\"\" width=\"300\" height=\"200\" srcset=\"https:\/\/laultimapalabra.com.mx\/portal\/wp-content\/uploads\/2022\/05\/IMG_2949-300x200.jpg 300w, https:\/\/laultimapalabra.com.mx\/portal\/wp-content\/uploads\/2022\/05\/IMG_2949-1024x683.jpg 1024w, https:\/\/laultimapalabra.com.mx\/portal\/wp-content\/uploads\/2022\/05\/IMG_2949-768x512.jpg 768w, https:\/\/laultimapalabra.com.mx\/portal\/wp-content\/uploads\/2022\/05\/IMG_2949-1536x1024.jpg 1536w\" sizes=\"auto, (max-width: 300px) 100vw, 300px\" \/><\/p>\n<p>\u201cQue la pasen muy bien en este D\u00eda del Ni\u00f1o todos los reyes del hogar; les deseo lo mejor hoy y siempre\u2026 Y tambi\u00e9n les hago un llamado para que le echen todas las ganas a la escuela, que estudien mucho, para que salgan adelante el d\u00eda de ma\u00f1ana\u201d, expres\u00f3 el Alcalde juarense.<\/p>\n<p>Primeramente, en las instalaciones del DIF Ju\u00e1rez se entregaron a maestros y representantes de unas 80 escuelas bolsitas con dulces para que las repartieran entre todos los alumnos de sus planteles educativos.<\/p>\n<p>Francisco Trevi\u00f1o y su esposa Adriana de la Garza, presidenta del DIF Ju\u00e1rez, visitaron tambi\u00e9n la Unidad de Atenci\u00f3n M\u00faltiple, en la Colonia Haciendas de Villa Ju\u00e1rez, donde acompa\u00f1ados por miembros del Cabildo festejaron por adelantado a los ni\u00f1os de la instituci\u00f3n y les entregaron juguetes.<\/p>\n<p>Posteriormente acudieron a la Unidad B\u00e1sica de Rehabilitaci\u00f3n del DIF Ju\u00e1rez, donde se organiz\u00f3 una fiesta tem\u00e1tica de circo a los ni\u00f1os que reciben atenci\u00f3n especializada en este lugar, y se les repartieron juguetes.<\/p>\n<p>\u201cAprovechando que ya viene el 30 de Abril, no quisimos pasar desapercibida esta fecha, y por eso decidimos hacer un evento en el centro de rehabilitaci\u00f3n a los ni\u00f1os y ni\u00f1as para festejarles de la mejor manera\u201d, dijo el Alcalde.<\/p>\n<blockquote><p><img loading=\"lazy\" decoding=\"async\" class=\"alignnone size-medium wp-image-28314\" src=\"https:\/\/laultimapalabra.com.mx\/portal\/wp-content\/uploads\/2022\/05\/IMG_2895-300x200.jpg\" alt=\"\" width=\"300\" height=\"200\" srcset=\"https:\/\/laultimapalabra.com.mx\/portal\/wp-content\/uploads\/2022\/05\/IMG_2895-300x200.jpg 300w, https:\/\/laultimapalabra.com.mx\/portal\/wp-content\/uploads\/2022\/05\/IMG_2895-1024x683.jpg 1024w, https:\/\/laultimapalabra.com.mx\/portal\/wp-content\/uploads\/2022\/05\/IMG_2895-768x512.jpg 768w, https:\/\/laultimapalabra.com.mx\/portal\/wp-content\/uploads\/2022\/05\/IMG_2895-1536x1024.jpg 1536w\" sizes=\"auto, (max-width: 300px) 100vw, 300px\" \/><\/p><\/blockquote>\n<p>\u201cY bueno, les deseo lo mejor este D\u00eda del Ni\u00f1o, que est\u00e9n de lo mejor con sus familias, y es por eso que nosotros en la Presidencia Municipal y en el DIF siempre estaremos velando por el bienestar de las familias juarenses, ese es un compromiso y un reto que asumimos al iniciar la Administraci\u00f3n y no lo vamos a dejar de hacer, siempre vamos a estar del lado de ustedes, del lado de nuestra gente\u201d, finaliz\u00f3 Francisco Trevi\u00f1o.<\/p>\n<p><img loading=\"lazy\" decoding=\"async\" class=\"alignnone size-medium wp-image-28317\" src=\"https:\/\/laultimapalabra.com.mx\/portal\/wp-content\/uploads\/2022\/05\/IMG_2394-300x200.jpg\" alt=\"\" width=\"300\" height=\"200\" srcset=\"https:\/\/laultimapalabra.com.mx\/portal\/wp-content\/uploads\/2022\/05\/IMG_2394-300x200.jpg 300w, https:\/\/laultimapalabra.com.mx\/portal\/wp-content\/uploads\/2022\/05\/IMG_2394-1024x683.jpg 1024w, https:\/\/laultimapalabra.com.mx\/portal\/wp-content\/uploads\/2022\/05\/IMG_2394-768x512.jpg 768w, https:\/\/laultimapalabra.com.mx\/portal\/wp-content\/uploads\/2022\/05\/IMG_2394-1536x1024.jpg 1536w\" sizes=\"auto, (max-width: 300px) 100vw, 300px\" \/><\/p>\n","protected":false},"excerpt":{"rendered":"<p>Ju\u00e1rez, N.L.-El Alcalde Francisco Trevi\u00f1o Cant\u00fa encabez\u00f3 diversos eventos en el municipio de Ju\u00e1rez para festejar a los peque\u00f1os por el D\u00eda del Ni\u00f1o, que se celebra este 30 de Abril, y adem\u00e1s de felicitarlos les dese\u00f3 que la pasen de lo mejor en compa\u00f1\u00eda de sus familias. \u201cQue la pasen muy bien en este [&hellip;]<\/p>\n","protected":false},"author":7,"featured_media":28316,"comment_status":"closed","ping_status":"closed","sticky":false,"template":"","format":"standard","meta":{"footnotes":""},"categories":[18],"tags":[4242,833,1355],"class_list":["post-28312","post","type-post","status-publish","format-standard","has-post-thumbnail","hentry","category-locales-juarez","tag-alcalde","tag-dia-del-nino","tag-juarez"],"_links":{"self":[{"href":"https:\/\/laultimapalabra.com.mx\/portal\/wp-json\/wp\/v2\/posts\/28312","targetHints":{"allow":["GET"]}}],"collection":[{"href":"https:\/\/laultimapalabra.com.mx\/portal\/wp-json\/wp\/v2\/posts"}],"about":[{"href":"https:\/\/laultimapalabra.com.mx\/portal\/wp-json\/wp\/v2\/types\/post"}],"author":[{"embeddable":true,"href":"https:\/\/laultimapalabra.com.mx\/portal\/wp-json\/wp\/v2\/users\/7"}],"replies":[{"embeddable":true,"href":"https:\/\/laultimapalabra.com.mx\/portal\/wp-json\/wp\/v2\/comments?post=28312"}],"version-history":[{"count":3,"href":"https:\/\/laultimapalabra.com.mx\/portal\/wp-json\/wp\/v2\/posts\/28312\/revisions"}],"predecessor-version":[{"id":76368,"href":"https:\/\/laultimapalabra.com.mx\/portal\/wp-json\/wp\/v2\/posts\/28312\/revisions\/76368"}],"wp:featuredmedia":[{"embeddable":true,"href":"https:\/\/laultimapalabra.com.mx\/portal\/wp-json\/wp\/v2\/media\/28316"}],"wp:attachment":[{"href":"https:\/\/laultimapalabra.com.mx\/portal\/wp-json\/wp\/v2\/media?parent=28312"}],"wp:term":[{"taxonomy":"category","embeddable":true,"href":"https:\/\/laultimapalabra.com.mx\/portal\/wp-json\/wp\/v2\/categories?post=28312"},{"taxonomy":"post_tag","embeddable":true,"href":"https:\/\/laultimapalabra.com.mx\/portal\/wp-json\/wp\/v2\/tags?post=28312"}],"curies":[{"name":"wp","href":"https:\/\/api.w.org\/{rel}","templated":true}]}}