                       {"id":28349,"date":"2022-05-02T14:07:31","date_gmt":"2022-05-02T20:07:31","guid":{"rendered":"https:\/\/laultimapalabra.com.mx\/portal\/?p=28349"},"modified":"2024-12-11T11:16:18","modified_gmt":"2024-12-11T17:16:18","slug":"festeja-gobierno-de-cadereyta-a-sus-pequenos","status":"publish","type":"post","link":"https:\/\/laultimapalabra.com.mx\/portal\/festeja-gobierno-de-cadereyta-a-sus-pequenos\/","title":{"rendered":"Festeja Gobierno de Cadereyta a sus peque\u00f1os"},"content":{"rendered":"<p><span style=\"font-size: 1rem;\"><img loading=\"lazy\" decoding=\"async\" class=\"alignnone size-medium wp-image-28350\" src=\"https:\/\/laultimapalabra.com.mx\/portal\/wp-content\/uploads\/2022\/05\/IMG-20220502-WA0047-300x200.jpg\" alt=\"\" width=\"300\" height=\"200\" srcset=\"https:\/\/laultimapalabra.com.mx\/portal\/wp-content\/uploads\/2022\/05\/IMG-20220502-WA0047-300x200.jpg 300w, https:\/\/laultimapalabra.com.mx\/portal\/wp-content\/uploads\/2022\/05\/IMG-20220502-WA0047-1024x683.jpg 1024w, https:\/\/laultimapalabra.com.mx\/portal\/wp-content\/uploads\/2022\/05\/IMG-20220502-WA0047-768x512.jpg 768w, https:\/\/laultimapalabra.com.mx\/portal\/wp-content\/uploads\/2022\/05\/IMG-20220502-WA0047.jpg 1500w\" sizes=\"auto, (max-width: 300px) 100vw, 300px\" \/>Cadereyta Jim\u00e9nez, N.L.- Distintos eventos fueron organizados en dias pasados por el Gobierno de Cadereyta con motivo del D\u00eda del Ni\u00f1o, donde Los peque\u00f1os jimenenses pudieron disfrutar de un show infantil, regalos, rifas, dulces y pastel.<\/span><\/p>\n<p>Acompa\u00f1ado por regidores y funcionarios municipales, Cosme Leal, alcalde de Cadereyta, estuvo presente en colonias como la Candelario Rios, Pepe Lozano, Salinas de Gortari, Praderas, en la Unidad Deportiva, en la colonia Fomerrey y Plaza de Valle de los Encinos.<\/p>\n<p><img loading=\"lazy\" decoding=\"async\" class=\"alignnone size-medium wp-image-28351\" src=\"https:\/\/laultimapalabra.com.mx\/portal\/wp-content\/uploads\/2022\/05\/IMG-20220502-WA0046-300x200.jpg\" alt=\"\" width=\"300\" height=\"200\" srcset=\"https:\/\/laultimapalabra.com.mx\/portal\/wp-content\/uploads\/2022\/05\/IMG-20220502-WA0046-300x200.jpg 300w, https:\/\/laultimapalabra.com.mx\/portal\/wp-content\/uploads\/2022\/05\/IMG-20220502-WA0046-1024x683.jpg 1024w, https:\/\/laultimapalabra.com.mx\/portal\/wp-content\/uploads\/2022\/05\/IMG-20220502-WA0046-768x512.jpg 768w, https:\/\/laultimapalabra.com.mx\/portal\/wp-content\/uploads\/2022\/05\/IMG-20220502-WA0046.jpg 1500w\" sizes=\"auto, (max-width: 300px) 100vw, 300px\" \/><br \/>\nAs\u00ed como en Valle del Roble, Jardines de Cadereyta, Real de Cadereyta, Lomas de San Agustin y \u00e1reas rurales como Pueblo Nuevo, Ejido Palmitos, Atongo y San Juan.<\/p>\n<p><img loading=\"lazy\" decoding=\"async\" class=\"alignnone size-medium wp-image-28352\" src=\"https:\/\/laultimapalabra.com.mx\/portal\/wp-content\/uploads\/2022\/05\/IMG-20220502-WA0048-300x120.jpg\" alt=\"\" width=\"300\" height=\"120\" srcset=\"https:\/\/laultimapalabra.com.mx\/portal\/wp-content\/uploads\/2022\/05\/IMG-20220502-WA0048-300x120.jpg 300w, https:\/\/laultimapalabra.com.mx\/portal\/wp-content\/uploads\/2022\/05\/IMG-20220502-WA0048-1024x410.jpg 1024w, https:\/\/laultimapalabra.com.mx\/portal\/wp-content\/uploads\/2022\/05\/IMG-20220502-WA0048-768x308.jpg 768w, https:\/\/laultimapalabra.com.mx\/portal\/wp-content\/uploads\/2022\/05\/IMG-20220502-WA0048.jpg 1280w\" sizes=\"auto, (max-width: 300px) 100vw, 300px\" \/><\/p>\n","protected":false},"excerpt":{"rendered":"<p>Cadereyta Jim\u00e9nez, N.L.- Distintos eventos fueron organizados en dias pasados por el Gobierno de Cadereyta con motivo del D\u00eda del Ni\u00f1o, donde Los peque\u00f1os jimenenses pudieron disfrutar de un show infantil, regalos, rifas, dulces y pastel. Acompa\u00f1ado por regidores y funcionarios municipales, Cosme Leal, alcalde de Cadereyta, estuvo presente en colonias como la Candelario Rios, [&hellip;]<\/p>\n","protected":false},"author":7,"featured_media":28351,"comment_status":"closed","ping_status":"closed","sticky":false,"template":"","format":"standard","meta":{"footnotes":""},"categories":[1],"tags":[2600,833],"class_list":["post-28349","post","type-post","status-publish","format-standard","has-post-thumbnail","hentry","category-noticias","tag-cadereyta","tag-dia-del-nino"],"_links":{"self":[{"href":"https:\/\/laultimapalabra.com.mx\/portal\/wp-json\/wp\/v2\/posts\/28349","targetHints":{"allow":["GET"]}}],"collection":[{"href":"https:\/\/laultimapalabra.com.mx\/portal\/wp-json\/wp\/v2\/posts"}],"about":[{"href":"https:\/\/laultimapalabra.com.mx\/portal\/wp-json\/wp\/v2\/types\/post"}],"author":[{"embeddable":true,"href":"https:\/\/laultimapalabra.com.mx\/portal\/wp-json\/wp\/v2\/users\/7"}],"replies":[{"embeddable":true,"href":"https:\/\/laultimapalabra.com.mx\/portal\/wp-json\/wp\/v2\/comments?post=28349"}],"version-history":[{"count":2,"href":"https:\/\/laultimapalabra.com.mx\/portal\/wp-json\/wp\/v2\/posts\/28349\/revisions"}],"predecessor-version":[{"id":76384,"href":"https:\/\/laultimapalabra.com.mx\/portal\/wp-json\/wp\/v2\/posts\/28349\/revisions\/76384"}],"wp:featuredmedia":[{"embeddable":true,"href":"https:\/\/laultimapalabra.com.mx\/portal\/wp-json\/wp\/v2\/media\/28351"}],"wp:attachment":[{"href":"https:\/\/laultimapalabra.com.mx\/portal\/wp-json\/wp\/v2\/media?parent=28349"}],"wp:term":[{"taxonomy":"category","embeddable":true,"href":"https:\/\/laultimapalabra.com.mx\/portal\/wp-json\/wp\/v2\/categories?post=28349"},{"taxonomy":"post_tag","embeddable":true,"href":"https:\/\/laultimapalabra.com.mx\/portal\/wp-json\/wp\/v2\/tags?post=28349"}],"curies":[{"name":"wp","href":"https:\/\/api.w.org\/{rel}","templated":true}]}}