                       {"id":2842,"date":"2018-08-10T01:18:45","date_gmt":"2018-08-10T01:18:45","guid":{"rendered":"http:\/\/laultimapalabra.info\/?p=2842"},"modified":"2024-12-11T08:37:23","modified_gmt":"2024-12-11T14:37:23","slug":"ciclismo-de-montana-en-montemorelos","status":"publish","type":"post","link":"https:\/\/laultimapalabra.com.mx\/portal\/ciclismo-de-montana-en-montemorelos\/","title":{"rendered":"Ciclismo de monta\u00f1a en Montemorelos"},"content":{"rendered":"<p style=\"text-align: justify;\"><img loading=\"lazy\" decoding=\"async\" class=\"size-medium wp-image-2835 alignleft\" src=\"https:\/\/laultimapalabra.com.mx\/portal\/wp-content\/uploads\/2018\/08\/montemorelos-2018-2-225x300.jpg\" alt=\"\" width=\"225\" height=\"300\" \/> El pasado domingo 5 de agosto se corri\u00f3 la 2da. Fecha del serial de ciclismo de monta\u00f1a que organiza la Liga de Ciclismo de Monta\u00f1a de N.L. esta etapa se llev\u00f3 a cabo en el Municipio de Montemorelos donde acudieron los equipos que conforman la liga de ciclismo de monta\u00f1a del estado. El \u00e1rea de meta se instal\u00f3 en los terrenos donde se lleva a cabo la feria de la naranja. La salida se dio a las 08:00 am a cerca de 400 ciclo monta\u00f1istas. Para esta competencia los organizadores prepararon 4 pistas para cada uno de los 4 grupos: 74, 60, 47 y 30 km. A decir por los ciclistas estas pistas son algo r\u00e1pidas con un grado de dificultad medio bajo, ideal para ciclistas principiantes sin embargo, tiene un poco de todo como single track, camino ancho, subidas y bajadas no tan complicados, tambi\u00e9n atraviesa el rio varias veces de hecho tanto en la salida como en la llegada ten\u00edas que atravesar el rio unos lo hicieron en la bici y otros prefirieron cargarla y correr por el rio hasta el otro lado fue algo divertido y refrescante ellos y asistentes, los sitios de hidrataci\u00f3n y de auxilio estuvieron de maravilla, no se reportaron accidentes graves. A todos los ciclistas se les dio una medalla por su participaci\u00f3n y trofeo a los primeros 5 lugares de cada una de las 30 categor\u00edas. El ganador en la categor\u00eda elite varonil fue Roel Mart\u00ednez Escamilla, corredor libre su tiempo en 74 km fue de 02:34:49 y en elite femenil Roc\u00edo Villeda, corredor libre con un tiempo de 02:47:42 misma distancia. <img loading=\"lazy\" decoding=\"async\" class=\"size-medium wp-image-2837 alignright\" src=\"https:\/\/laultimapalabra.com.mx\/portal\/wp-content\/uploads\/2018\/08\/ponchito-225x300.jpg\" alt=\"\" width=\"225\" height=\"300\" \/>Representando a Cadereyta el equipo Titanes Jos\u00e9 Garza Gonz\u00e1lez obtuvo el 2\u00b0 lugar en categor\u00eda principiantes 45, tambi\u00e9n corrieron por Titanes Nohem\u00ed Aguilar y Alejandro Garza con una destacada participaci\u00f3n. Ciclista de Cadereyta, del equipo Rufer de Monterrey es Alfonso Ramos obtuvo el 1er lugar en categor\u00eda principiantes 25 con un tiempo de 01:29:05. Se pueden consultar todos los resultados de esta etapa en www.esport.mx.<br \/>\nLa pr\u00f3xima etapa ser\u00e1 en Huachichil Coahuila el pr\u00f3ximo 9 de septiembre.<br \/>\nClub de Ciclismo Titanes de Cadereyta<\/p>\n","protected":false},"excerpt":{"rendered":"<p>El pasado domingo 5 de agosto se corri\u00f3 la 2da. Fecha del serial de ciclismo de monta\u00f1a que organiza la Liga de Ciclismo de Monta\u00f1a de N.L. esta etapa se llev\u00f3 a cabo en el Municipio de Montemorelos donde acudieron los equipos que conforman la liga de ciclismo de monta\u00f1a del estado. El \u00e1rea de [&hellip;]<\/p>\n","protected":false},"author":9,"featured_media":2836,"comment_status":"open","ping_status":"closed","sticky":false,"template":"","format":"standard","meta":{"footnotes":""},"categories":[1],"tags":[559],"class_list":["post-2842","post","type-post","status-publish","format-standard","has-post-thumbnail","hentry","category-noticias","tag-ciclismo-cadereyta"],"_links":{"self":[{"href":"https:\/\/laultimapalabra.com.mx\/portal\/wp-json\/wp\/v2\/posts\/2842","targetHints":{"allow":["GET"]}}],"collection":[{"href":"https:\/\/laultimapalabra.com.mx\/portal\/wp-json\/wp\/v2\/posts"}],"about":[{"href":"https:\/\/laultimapalabra.com.mx\/portal\/wp-json\/wp\/v2\/types\/post"}],"author":[{"embeddable":true,"href":"https:\/\/laultimapalabra.com.mx\/portal\/wp-json\/wp\/v2\/users\/9"}],"replies":[{"embeddable":true,"href":"https:\/\/laultimapalabra.com.mx\/portal\/wp-json\/wp\/v2\/comments?post=2842"}],"version-history":[{"count":1,"href":"https:\/\/laultimapalabra.com.mx\/portal\/wp-json\/wp\/v2\/posts\/2842\/revisions"}],"predecessor-version":[{"id":64543,"href":"https:\/\/laultimapalabra.com.mx\/portal\/wp-json\/wp\/v2\/posts\/2842\/revisions\/64543"}],"wp:featuredmedia":[{"embeddable":true,"href":"https:\/\/laultimapalabra.com.mx\/portal\/wp-json\/"}],"wp:attachment":[{"href":"https:\/\/laultimapalabra.com.mx\/portal\/wp-json\/wp\/v2\/media?parent=2842"}],"wp:term":[{"taxonomy":"category","embeddable":true,"href":"https:\/\/laultimapalabra.com.mx\/portal\/wp-json\/wp\/v2\/categories?post=2842"},{"taxonomy":"post_tag","embeddable":true,"href":"https:\/\/laultimapalabra.com.mx\/portal\/wp-json\/wp\/v2\/tags?post=2842"}],"curies":[{"name":"wp","href":"https:\/\/api.w.org\/{rel}","templated":true}]}}