                       {"id":2844,"date":"2018-08-10T01:21:59","date_gmt":"2018-08-10T01:21:59","guid":{"rendered":"http:\/\/laultimapalabra.info\/?p=2844"},"modified":"2024-12-11T08:37:23","modified_gmt":"2024-12-11T14:37:23","slug":"la-palabra-de-honor","status":"publish","type":"post","link":"https:\/\/laultimapalabra.com.mx\/portal\/la-palabra-de-honor\/","title":{"rendered":"\u201cLa palabra de honor\u201d"},"content":{"rendered":"<p style=\"text-align: justify;\"><img loading=\"lazy\" decoding=\"async\" class=\"size-medium wp-image-2845 alignleft\" src=\"https:\/\/laultimapalabra.com.mx\/portal\/wp-content\/uploads\/2018\/08\/maxresdefault-300x169.jpg\" alt=\"\" width=\"300\" height=\"169\" \/>Por: Dr. Jos\u00e9 Ascensi\u00f3n Tijerina Flores<\/p>\n<p style=\"text-align: justify;\">Algo que muchos, por no decir que todos hemos olvidado fue aquel suceso que quedara como ejemplo para las generaciones posteriores.<br \/>\nLa historia es digna de ser comentada para todos los que nos jactamos de ser buenos y formales ciudadanos.<br \/>\nA la ca\u00edda de la Ciudad de Quer\u00e9taro, qued\u00f3 prisionero de los \u201cJuaristas\u201d el General Don Severo del Castillo, Jefe del Estado Mayor del Emperador Maximiliano de Hamsburgo, fue condenado a muerte por el Lic. Benito Ju\u00e1rez y su custodia se la encomendaron al joven Coronel Carlos Fuero.<br \/>\nEn la v\u00edspera de la ejecuci\u00f3n del General Don Severo del Castillo, el Coronel Fuero dorm\u00eda pl\u00e1cidamente cuando su asistente lo despert\u00f3. El General del Castillo deseaba hablar con \u00e9l, Fuero se visti\u00f3 de prisa y de inmediato acudi\u00f3 a la celda del condenado a muerte, no olvidaba que el General Don Severo del Castillo hab\u00eda sido amigo de su padre.<br \/>\nCarlos, le dijo el General, perdona que haya hecho despertar, como t\u00fa sabes me quedan unas cuantas horas de vida y necesito que me hagas el favor de mandar llamar al Padre Montes y al Lic. Jos\u00e9 Mar\u00eda V\u00e1zquez. Mi General respondi\u00f3 el Coronel Fuero, no creo que sea necesario que vengan esos se\u00f1ores, \u00a1C\u00f3mo! Se irrito el General del Castillo, deseo arreglar las cosas de mi alma y de mi familia y me dices que no es necesario que vengan el sacerdote y el notario. En efecto mi General, repiti\u00f3 el Coronel Republicano, no hay necesidad de mandarlos llamar, usted ira personalmente a arreglar sus asuntos, yo me quedar\u00e9 en su lugar hasta que usted regrese.<br \/>\nEl General Don Severo se qued\u00f3 estupefacto, la muestra de confianza que le daba el Coronel era extraordinaria.<br \/>\nPero Carlos le respondi\u00f3 emocionado el General, que garant\u00eda tienes de que yo regrese para enfrentarme al pelot\u00f3n de mi fusilamiento?. Su palabra de honor mi General, le contest\u00f3 el Coronel, de inmediato respondi\u00f3 el General: Bien ya la tienes dando muestras de agradecimiento abraz\u00f3 efusivamente al Coronel.<br \/>\nSalieron los dos y dijo Fuero al encargado de la guardia: \u201cEl se\u00f1or General de Castillo ir\u00e1 a su casa a arreglar sus asuntos, yo me quedar\u00e9 en la celda en su lugar como prisionero, cuando el regrese, me manda usted despertar\u201d.<br \/>\nA la ma\u00f1ana siguiente cuando lleg\u00f3 al cuartel el superior de Fuero, General Sostenes Rocha, el encargado de la guardia le inform\u00f3 de lo sucedido, corriendo fue le General Rocha a la celda donde estaba el Coronel y lo encontr\u00f3 durmiendo tranquilamente. Lo despert\u00f3 bruscamente gritando: \u201cQue hiciste Carlos?, porque dejaste ir al General Castillo?, ya volver\u00e1 le contest\u00f3 Fuero y si no lo hace entonces me fusilas a m\u00ed.<br \/>\nEn ese preciso momento se escucharon pasos firmes en la acera, \u00a1quien vive! Grito el centinela, \u00a1M\u00e9xico! respondi\u00f3 la vibrante voz del General del Castillo, un prisionero de guerra.<br \/>\nCumpliendo su palabra de honor, volv\u00eda Don Severo para ser fusilado.<br \/>\nEl final de esta historia es feliz. El General Severo del Castillo no fue fusilado, el General Rocha le coment\u00f3 al General Escobedo lo sucedido y \u00e9ste se lo inform\u00f3 a Don Benito Ju\u00e1rez Garc\u00eda quien de inmediato orden\u00f3 la suspensi\u00f3n de la ejecuci\u00f3n perdon\u00e1ndole la vida no obstante ser su enemigo de guerra por su ejemplar demostraci\u00f3n de lo que es la \u201cpalabra de honor\u201d.<br \/>\nEl General del Castillo termin\u00f3 su vida de forma natural.<br \/>\nEn el a\u00f1o de 1892, muri\u00f3 de igual forma el Coronel Carlos Fuero. Una calle de Saltillo Coahuila, otra de Parral Chihuahua y una m\u00e1s en Tacubaya Ciudad de M\u00e9xico llevan su nombre en recuerdo de este personaje que con su rectitud y disciplina militar supo dar perpetuidad a \u00e9sta frase inmortal \u201cLa Palabra de Honor\u201d.<br \/>\nDesgraciadamente en la actualidad en momentos dif\u00edciles poco se ofrece o escucha esta frase, MUCHO MENOS SE CUMPLE.<br \/>\nNo lo cree as\u00ed estimado lector?.<br \/>\nGracias<\/p>\n","protected":false},"excerpt":{"rendered":"<p>Por: Dr. Jos\u00e9 Ascensi\u00f3n Tijerina Flores Algo que muchos, por no decir que todos hemos olvidado fue aquel suceso que quedara como ejemplo para las generaciones posteriores. La historia es digna de ser comentada para todos los que nos jactamos de ser buenos y formales ciudadanos. A la ca\u00edda de la Ciudad de Quer\u00e9taro, qued\u00f3 [&hellip;]<\/p>\n","protected":false},"author":9,"featured_media":2845,"comment_status":"open","ping_status":"closed","sticky":false,"template":"","format":"standard","meta":{"footnotes":""},"categories":[1],"tags":[879],"class_list":["post-2844","post","type-post","status-publish","format-standard","has-post-thumbnail","hentry","category-noticias","tag-dr-jose-ascencion-tijerina-flores"],"_links":{"self":[{"href":"https:\/\/laultimapalabra.com.mx\/portal\/wp-json\/wp\/v2\/posts\/2844","targetHints":{"allow":["GET"]}}],"collection":[{"href":"https:\/\/laultimapalabra.com.mx\/portal\/wp-json\/wp\/v2\/posts"}],"about":[{"href":"https:\/\/laultimapalabra.com.mx\/portal\/wp-json\/wp\/v2\/types\/post"}],"author":[{"embeddable":true,"href":"https:\/\/laultimapalabra.com.mx\/portal\/wp-json\/wp\/v2\/users\/9"}],"replies":[{"embeddable":true,"href":"https:\/\/laultimapalabra.com.mx\/portal\/wp-json\/wp\/v2\/comments?post=2844"}],"version-history":[{"count":1,"href":"https:\/\/laultimapalabra.com.mx\/portal\/wp-json\/wp\/v2\/posts\/2844\/revisions"}],"predecessor-version":[{"id":64545,"href":"https:\/\/laultimapalabra.com.mx\/portal\/wp-json\/wp\/v2\/posts\/2844\/revisions\/64545"}],"wp:featuredmedia":[{"embeddable":true,"href":"https:\/\/laultimapalabra.com.mx\/portal\/wp-json\/"}],"wp:attachment":[{"href":"https:\/\/laultimapalabra.com.mx\/portal\/wp-json\/wp\/v2\/media?parent=2844"}],"wp:term":[{"taxonomy":"category","embeddable":true,"href":"https:\/\/laultimapalabra.com.mx\/portal\/wp-json\/wp\/v2\/categories?post=2844"},{"taxonomy":"post_tag","embeddable":true,"href":"https:\/\/laultimapalabra.com.mx\/portal\/wp-json\/wp\/v2\/tags?post=2844"}],"curies":[{"name":"wp","href":"https:\/\/api.w.org\/{rel}","templated":true}]}}