                       {"id":28626,"date":"2022-05-10T14:57:16","date_gmt":"2022-05-10T20:57:16","guid":{"rendered":"https:\/\/laultimapalabra.com.mx\/portal\/?p=28626"},"modified":"2024-12-11T11:16:19","modified_gmt":"2024-12-11T17:16:19","slug":"amlo-dice-que-no-asistira-a-cumbre-de-las-americas-si-no-se-invita-a-todos-los-paises-ciudad-de-mexico","status":"publish","type":"post","link":"https:\/\/laultimapalabra.com.mx\/portal\/amlo-dice-que-no-asistira-a-cumbre-de-las-americas-si-no-se-invita-a-todos-los-paises-ciudad-de-mexico\/","title":{"rendered":"AMLO dice que no asistir\u00e1 a Cumbre de las Am\u00e9ricas si no se invita a todos los pa\u00edses"},"content":{"rendered":"<p style=\"text-align: left;\">El presidente Andr\u00e9s Manuel L\u00f3pez Obrador advirti\u00f3 que no asistir\u00e1 a la Cumbre de las Am\u00e9ricas si no se invita a todos los pa\u00edses, pero que en su representaci\u00f3n ir\u00eda el canciller Marcelo Ebrard.<\/p>\n<p>&#8220;Lo voy a adelantar, si no se invita a todos va a ir una representaci\u00f3n del gobierno de M\u00e9xico, pero no ir\u00eda yo. Me representar\u00eda el canciller Marcelo Ebrard&#8221;.<\/p>\n<p>En La Ma\u00f1anera desde Palacio Nacional, el Presidente se\u00f1al\u00f3 que aunque no se ha resuelto sobre la participaci\u00f3n en la cumbre de Los \u00c1ngeles, el gobierno plantea que no se excluya a nadie, porque &#8220;buscamos la unidad de toda Am\u00e9rica.<\/p>\n<p>&#8220;Sentimos que no debe de haber confrontaci\u00f3n y aun con las diferencias tenemos que dialogar y hermanarnos. Estamos por resolver (&#8230;) aunque tengamos diferencias las podemos resolver, cuando menos escuch\u00e1ndonos y dialogando, pero no excluyendo a nadie, adem\u00e1s, nadie tiene el derecho de excluir y que nadie excluye a nadie&#8221;.<\/p>\n<p>L\u00f3pez Obrador dijo que la decisi\u00f3n de no asistir a la cumbre no tendr\u00eda impacto con el presidente de Estados Unidos, Joe Biden, porque &#8220;somos independientes, tendr\u00edamos una relaci\u00f3n de respeto&#8221;.<\/p>\n<p>&#8220;\u00c9l habla de igualdad y siempre ha sido respetuoso. Todav\u00eda falta para la cumbre y podemos llegar a un acuerdo, pero tenemos que unirnos todos y buscar la unidad&#8221;.<\/p>\n<p>Fuente: Milenio<\/p>\n","protected":false},"excerpt":{"rendered":"<p>El presidente Andr\u00e9s Manuel L\u00f3pez Obrador advirti\u00f3 que no asistir\u00e1 a la Cumbre de las Am\u00e9ricas si no se invita a todos los pa\u00edses, pero que en su representaci\u00f3n ir\u00eda el canciller Marcelo Ebrard. &#8220;Lo voy a adelantar, si no se invita a todos va a ir una representaci\u00f3n del gobierno de M\u00e9xico, pero no [&hellip;]<\/p>\n","protected":false},"author":9,"featured_media":28627,"comment_status":"closed","ping_status":"closed","sticky":false,"template":"","format":"standard","meta":{"footnotes":""},"categories":[19],"tags":[124,4269],"class_list":["post-28626","post","type-post","status-publish","format-standard","has-post-thumbnail","hentry","category-nacional","tag-amlo","tag-mexico"],"_links":{"self":[{"href":"https:\/\/laultimapalabra.com.mx\/portal\/wp-json\/wp\/v2\/posts\/28626","targetHints":{"allow":["GET"]}}],"collection":[{"href":"https:\/\/laultimapalabra.com.mx\/portal\/wp-json\/wp\/v2\/posts"}],"about":[{"href":"https:\/\/laultimapalabra.com.mx\/portal\/wp-json\/wp\/v2\/types\/post"}],"author":[{"embeddable":true,"href":"https:\/\/laultimapalabra.com.mx\/portal\/wp-json\/wp\/v2\/users\/9"}],"replies":[{"embeddable":true,"href":"https:\/\/laultimapalabra.com.mx\/portal\/wp-json\/wp\/v2\/comments?post=28626"}],"version-history":[{"count":3,"href":"https:\/\/laultimapalabra.com.mx\/portal\/wp-json\/wp\/v2\/posts\/28626\/revisions"}],"predecessor-version":[{"id":76506,"href":"https:\/\/laultimapalabra.com.mx\/portal\/wp-json\/wp\/v2\/posts\/28626\/revisions\/76506"}],"wp:featuredmedia":[{"embeddable":true,"href":"https:\/\/laultimapalabra.com.mx\/portal\/wp-json\/wp\/v2\/media\/28627"}],"wp:attachment":[{"href":"https:\/\/laultimapalabra.com.mx\/portal\/wp-json\/wp\/v2\/media?parent=28626"}],"wp:term":[{"taxonomy":"category","embeddable":true,"href":"https:\/\/laultimapalabra.com.mx\/portal\/wp-json\/wp\/v2\/categories?post=28626"},{"taxonomy":"post_tag","embeddable":true,"href":"https:\/\/laultimapalabra.com.mx\/portal\/wp-json\/wp\/v2\/tags?post=28626"}],"curies":[{"name":"wp","href":"https:\/\/api.w.org\/{rel}","templated":true}]}}