                       {"id":28765,"date":"2022-05-12T14:44:59","date_gmt":"2022-05-12T20:44:59","guid":{"rendered":"https:\/\/laultimapalabra.com.mx\/portal\/?p=28765"},"modified":"2024-12-11T11:16:20","modified_gmt":"2024-12-11T17:16:20","slug":"benefician-en-juarez-con-lentes-a-mas-de-mil-ninos","status":"publish","type":"post","link":"https:\/\/laultimapalabra.com.mx\/portal\/benefician-en-juarez-con-lentes-a-mas-de-mil-ninos\/","title":{"rendered":"BENEFICIAN EN JU\u00c1REZ CON LENTES A M\u00c1S DE MIL NI\u00d1OS"},"content":{"rendered":"<p>Alrededor de mil ni\u00f1os juarenses han sido beneficiados al recibir lentes a trav\u00e9s del programa Ver Bien para Vivir Mejor, implementado por la Administraci\u00f3n del Alcalde Francisco Trevi\u00f1o Cant\u00fa.<\/p>\n<p><img loading=\"lazy\" decoding=\"async\" class=\"alignnone size-medium wp-image-28767\" src=\"https:\/\/laultimapalabra.com.mx\/portal\/wp-content\/uploads\/2022\/05\/IMG-20220512-WA0030-300x200.jpg\" alt=\"\" width=\"300\" height=\"200\" srcset=\"https:\/\/laultimapalabra.com.mx\/portal\/wp-content\/uploads\/2022\/05\/IMG-20220512-WA0030-300x200.jpg 300w, https:\/\/laultimapalabra.com.mx\/portal\/wp-content\/uploads\/2022\/05\/IMG-20220512-WA0030-1024x682.jpg 1024w, https:\/\/laultimapalabra.com.mx\/portal\/wp-content\/uploads\/2022\/05\/IMG-20220512-WA0030-768x512.jpg 768w, https:\/\/laultimapalabra.com.mx\/portal\/wp-content\/uploads\/2022\/05\/IMG-20220512-WA0030.jpg 1280w\" sizes=\"auto, (max-width: 300px) 100vw, 300px\" \/><\/p>\n<p>Este programa, que se realiza coordinadamente entre el Municipio de Ju\u00e1rez y la Fundaci\u00f3n CLISA, se lleva a cabo regularmente en los centros polivalentes de esta localidad, en donde convocan a los ni\u00f1os que necesiten que les hagan ex\u00e1menes de la vista, y posteriormente se les cita para entregarles sus lentes.<\/p>\n<p>&#8220;Y continuar\u00e1n este tipo de brigadas para seguir d\u00e1ndoles a los ni\u00f1os de Ju\u00e1rez una mejor atenci\u00f3n en cuanto a salud visual se refiere&#8221;, expres\u00f3 el Alcalde durante un evento m\u00e1s del programa Ver Bien para Vivir Mejor, que se llev\u00f3 a cabo este mi\u00e9rcoles en el Polivalente San Miguelito.<\/p>\n<p>&#8220;Alrededor de mil lentes se han entregado a los ni\u00f1os de Ju\u00e1rez con este programa&#8230; Y bueno, siempre estaremos dispuestos a apoyarlos&#8221;, a\u00f1adi\u00f3 Francisco Trevi\u00f1o.<\/p>\n<p>Las brigadas para atender a los peque\u00f1os con problemas de la vista est\u00e1n siendo llevadas a todos los centros polivalentes del municipio, por lo que se exhorta a los padres de familia a que est\u00e9n pendientes de los llamados que se hagan a trav\u00e9s de redes sociales y por volanteo en las colonias.<\/p>\n<p>El Alcalde de Ju\u00e1rez reiter\u00f3 que el bienestar de los ni\u00f1os es una de las prioridades de su Administraci\u00f3n.<\/p>\n","protected":false},"excerpt":{"rendered":"<p>Alrededor de mil ni\u00f1os juarenses han sido beneficiados al recibir lentes a trav\u00e9s del programa Ver Bien para Vivir Mejor, implementado por la Administraci\u00f3n del Alcalde Francisco Trevi\u00f1o Cant\u00fa. Este programa, que se realiza coordinadamente entre el Municipio de Ju\u00e1rez y la Fundaci\u00f3n CLISA, se lleva a cabo regularmente en los centros polivalentes de esta [&hellip;]<\/p>\n","protected":false},"author":9,"featured_media":28766,"comment_status":"closed","ping_status":"closed","sticky":false,"template":"","format":"standard","meta":{"footnotes":""},"categories":[18],"tags":[4298,1355,4313],"class_list":["post-28765","post","type-post","status-publish","format-standard","has-post-thumbnail","hentry","category-locales-juarez","tag-ayuda","tag-juarez","tag-ninos"],"_links":{"self":[{"href":"https:\/\/laultimapalabra.com.mx\/portal\/wp-json\/wp\/v2\/posts\/28765","targetHints":{"allow":["GET"]}}],"collection":[{"href":"https:\/\/laultimapalabra.com.mx\/portal\/wp-json\/wp\/v2\/posts"}],"about":[{"href":"https:\/\/laultimapalabra.com.mx\/portal\/wp-json\/wp\/v2\/types\/post"}],"author":[{"embeddable":true,"href":"https:\/\/laultimapalabra.com.mx\/portal\/wp-json\/wp\/v2\/users\/9"}],"replies":[{"embeddable":true,"href":"https:\/\/laultimapalabra.com.mx\/portal\/wp-json\/wp\/v2\/comments?post=28765"}],"version-history":[{"count":2,"href":"https:\/\/laultimapalabra.com.mx\/portal\/wp-json\/wp\/v2\/posts\/28765\/revisions"}],"predecessor-version":[{"id":76546,"href":"https:\/\/laultimapalabra.com.mx\/portal\/wp-json\/wp\/v2\/posts\/28765\/revisions\/76546"}],"wp:featuredmedia":[{"embeddable":true,"href":"https:\/\/laultimapalabra.com.mx\/portal\/wp-json\/wp\/v2\/media\/28766"}],"wp:attachment":[{"href":"https:\/\/laultimapalabra.com.mx\/portal\/wp-json\/wp\/v2\/media?parent=28765"}],"wp:term":[{"taxonomy":"category","embeddable":true,"href":"https:\/\/laultimapalabra.com.mx\/portal\/wp-json\/wp\/v2\/categories?post=28765"},{"taxonomy":"post_tag","embeddable":true,"href":"https:\/\/laultimapalabra.com.mx\/portal\/wp-json\/wp\/v2\/tags?post=28765"}],"curies":[{"name":"wp","href":"https:\/\/api.w.org\/{rel}","templated":true}]}}