                       {"id":28781,"date":"2022-05-12T23:20:40","date_gmt":"2022-05-13T05:20:40","guid":{"rendered":"https:\/\/laultimapalabra.com.mx\/portal\/?p=28781"},"modified":"2024-12-11T11:16:20","modified_gmt":"2024-12-11T17:16:20","slug":"deja-familia-lesionada-en-choque-en-cadereyta","status":"publish","type":"post","link":"https:\/\/laultimapalabra.com.mx\/portal\/deja-familia-lesionada-en-choque-en-cadereyta\/","title":{"rendered":"Resulta familia lesionada en choque en Cadereyta"},"content":{"rendered":"<p><span style=\"font-size: 1rem;\">Cadereyta Jim\u00e9nez, N.L.- Un fuerte choque de crucero dej\u00f3 como saldo una familia con golpes, en el municipio de Cadereyta.<\/span><\/p>\n<p><img loading=\"lazy\" decoding=\"async\" class=\"alignnone size-medium wp-image-28784\" src=\"https:\/\/laultimapalabra.com.mx\/portal\/wp-content\/uploads\/2022\/05\/IMG-20220512-WA0043-300x135.jpg\" alt=\"\" width=\"300\" height=\"135\" srcset=\"https:\/\/laultimapalabra.com.mx\/portal\/wp-content\/uploads\/2022\/05\/IMG-20220512-WA0043-300x135.jpg 300w, https:\/\/laultimapalabra.com.mx\/portal\/wp-content\/uploads\/2022\/05\/IMG-20220512-WA0043-1024x461.jpg 1024w, https:\/\/laultimapalabra.com.mx\/portal\/wp-content\/uploads\/2022\/05\/IMG-20220512-WA0043-768x346.jpg 768w, https:\/\/laultimapalabra.com.mx\/portal\/wp-content\/uploads\/2022\/05\/IMG-20220512-WA0043-1536x691.jpg 1536w, https:\/\/laultimapalabra.com.mx\/portal\/wp-content\/uploads\/2022\/05\/IMG-20220512-WA0043.jpg 1600w\" sizes=\"auto, (max-width: 300px) 100vw, 300px\" \/><\/p>\n<p>Los hechos se suscitaron alrededor de las 21:40 horas en la calle Pino Su\u00e1rez, en su cruce con Iturbide, en la zona centro.<\/p>\n<p>Presuntamente el conductor del veh\u00edculo Sentra de color azul con matricula SGD-029-A, no respet\u00f3 el se\u00f1alamiento de alto, por lo que la familia que iba en el BMW con placas de circulaci\u00f3n SLV-531-A, se impact\u00f3 con el auto, quedando debajo del mismo.<\/p>\n<p>Al lugar acudieron elementos de Servicios de Emergencia, quienes trasladaron a la familia con un menor de 6 a\u00f1os con golpes a la cl\u00ednica Virginia.<\/p>\n<p>Tambi\u00e9n se dieron cita elementos de Tr\u00e1nsito Municipal, quienes iniciaron las indagatorias correspondientes para deslindar responsabilidades.<\/p>\n","protected":false},"excerpt":{"rendered":"<p>Cadereyta Jim\u00e9nez, N.L.- Un fuerte choque de crucero dej\u00f3 como saldo una familia con golpes, en el municipio de Cadereyta. Los hechos se suscitaron alrededor de las 21:40 horas en la calle Pino Su\u00e1rez, en su cruce con Iturbide, en la zona centro. Presuntamente el conductor del veh\u00edculo Sentra de color azul con matricula SGD-029-A, [&hellip;]<\/p>\n","protected":false},"author":7,"featured_media":28782,"comment_status":"closed","ping_status":"closed","sticky":false,"template":"","format":"standard","meta":{"footnotes":""},"categories":[8,9],"tags":[541,4315],"class_list":["post-28781","post","type-post","status-publish","format-standard","has-post-thumbnail","hentry","category-seguridad","category-seguridad-cadereyta","tag-choque","tag-lesionados"],"_links":{"self":[{"href":"https:\/\/laultimapalabra.com.mx\/portal\/wp-json\/wp\/v2\/posts\/28781","targetHints":{"allow":["GET"]}}],"collection":[{"href":"https:\/\/laultimapalabra.com.mx\/portal\/wp-json\/wp\/v2\/posts"}],"about":[{"href":"https:\/\/laultimapalabra.com.mx\/portal\/wp-json\/wp\/v2\/types\/post"}],"author":[{"embeddable":true,"href":"https:\/\/laultimapalabra.com.mx\/portal\/wp-json\/wp\/v2\/users\/7"}],"replies":[{"embeddable":true,"href":"https:\/\/laultimapalabra.com.mx\/portal\/wp-json\/wp\/v2\/comments?post=28781"}],"version-history":[{"count":4,"href":"https:\/\/laultimapalabra.com.mx\/portal\/wp-json\/wp\/v2\/posts\/28781\/revisions"}],"predecessor-version":[{"id":76554,"href":"https:\/\/laultimapalabra.com.mx\/portal\/wp-json\/wp\/v2\/posts\/28781\/revisions\/76554"}],"wp:featuredmedia":[{"embeddable":true,"href":"https:\/\/laultimapalabra.com.mx\/portal\/wp-json\/wp\/v2\/media\/28782"}],"wp:attachment":[{"href":"https:\/\/laultimapalabra.com.mx\/portal\/wp-json\/wp\/v2\/media?parent=28781"}],"wp:term":[{"taxonomy":"category","embeddable":true,"href":"https:\/\/laultimapalabra.com.mx\/portal\/wp-json\/wp\/v2\/categories?post=28781"},{"taxonomy":"post_tag","embeddable":true,"href":"https:\/\/laultimapalabra.com.mx\/portal\/wp-json\/wp\/v2\/tags?post=28781"}],"curies":[{"name":"wp","href":"https:\/\/api.w.org\/{rel}","templated":true}]}}