                       {"id":28795,"date":"2022-05-13T15:53:58","date_gmt":"2022-05-13T21:53:58","guid":{"rendered":"https:\/\/laultimapalabra.com.mx\/portal\/?p=28795"},"modified":"2024-12-11T11:16:20","modified_gmt":"2024-12-11T17:16:20","slug":"derrama-fuga-litros-de-agua-limpia-en-cadereyta","status":"publish","type":"post","link":"https:\/\/laultimapalabra.com.mx\/portal\/derrama-fuga-litros-de-agua-limpia-en-cadereyta\/","title":{"rendered":"Derrama fuga litros de agua limpia en Cadereyta"},"content":{"rendered":"<p>Cadereyta Jimenez, N.L.- Una fuga de agua que form\u00f3 una laguna muy cerca del Pante\u00f3n Municipal en Cadereyta fue denunciada a este medio de comunicaci\u00f3n el d\u00eda de hoy.<\/p>\n<p><img loading=\"lazy\" decoding=\"async\" class=\"alignnone size-medium wp-image-28797\" src=\"https:\/\/laultimapalabra.com.mx\/portal\/wp-content\/uploads\/2022\/05\/IMG-20220513-WA0051-300x169.jpg\" alt=\"\" width=\"300\" height=\"169\" srcset=\"https:\/\/laultimapalabra.com.mx\/portal\/wp-content\/uploads\/2022\/05\/IMG-20220513-WA0051-300x169.jpg 300w, https:\/\/laultimapalabra.com.mx\/portal\/wp-content\/uploads\/2022\/05\/IMG-20220513-WA0051-1024x576.jpg 1024w, https:\/\/laultimapalabra.com.mx\/portal\/wp-content\/uploads\/2022\/05\/IMG-20220513-WA0051-768x432.jpg 768w, https:\/\/laultimapalabra.com.mx\/portal\/wp-content\/uploads\/2022\/05\/IMG-20220513-WA0051-1536x864.jpg 1536w, https:\/\/laultimapalabra.com.mx\/portal\/wp-content\/uploads\/2022\/05\/IMG-20220513-WA0051.jpg 1600w\" sizes=\"auto, (max-width: 300px) 100vw, 300px\" \/><\/p>\n<p>La aparici\u00f3n de una fuga que se dec\u00eda era de aguas negras, aparentemente no lo es pues no tiene olor, ni el color de las aguas de drenaje; se trata agua limpia. Dicha fuga tiene inundado un terreno cercano al Pante\u00f3n Municipal, del cual se ignora si el mismo es particular o pertenece al Municipio.<\/p>\n<p>Lo grave de la situaci\u00f3n es que el agua que esta corriendo es agua limpia completamente, por ello se pide a las autoridades de Servicios de Agua y Drenaje de Monterrey para que investigue el origen de esta fuga para asi detener el desperdicio del vital l\u00edquido.<\/p>\n<p>Recordandole que la problematica est\u00e1 en una arteria que une al Pante\u00f3n Municipal con el Boulevard Benito Ju\u00e1rez.<\/p>\n","protected":false},"excerpt":{"rendered":"<p>Cadereyta Jimenez, N.L.- Una fuga de agua que form\u00f3 una laguna muy cerca del Pante\u00f3n Municipal en Cadereyta fue denunciada a este medio de comunicaci\u00f3n el d\u00eda de hoy. La aparici\u00f3n de una fuga que se dec\u00eda era de aguas negras, aparentemente no lo es pues no tiene olor, ni el color de las aguas [&hellip;]<\/p>\n","protected":false},"author":9,"featured_media":28796,"comment_status":"closed","ping_status":"closed","sticky":false,"template":"","format":"standard","meta":{"footnotes":""},"categories":[17],"tags":[4319,4318,1112],"class_list":["post-28795","post","type-post","status-publish","format-standard","has-post-thumbnail","hentry","category-locales-cadereyta","tag-agua","tag-fuga","tag-fuga-agua-cadereyta"],"_links":{"self":[{"href":"https:\/\/laultimapalabra.com.mx\/portal\/wp-json\/wp\/v2\/posts\/28795","targetHints":{"allow":["GET"]}}],"collection":[{"href":"https:\/\/laultimapalabra.com.mx\/portal\/wp-json\/wp\/v2\/posts"}],"about":[{"href":"https:\/\/laultimapalabra.com.mx\/portal\/wp-json\/wp\/v2\/types\/post"}],"author":[{"embeddable":true,"href":"https:\/\/laultimapalabra.com.mx\/portal\/wp-json\/wp\/v2\/users\/9"}],"replies":[{"embeddable":true,"href":"https:\/\/laultimapalabra.com.mx\/portal\/wp-json\/wp\/v2\/comments?post=28795"}],"version-history":[{"count":2,"href":"https:\/\/laultimapalabra.com.mx\/portal\/wp-json\/wp\/v2\/posts\/28795\/revisions"}],"predecessor-version":[{"id":76560,"href":"https:\/\/laultimapalabra.com.mx\/portal\/wp-json\/wp\/v2\/posts\/28795\/revisions\/76560"}],"wp:featuredmedia":[{"embeddable":true,"href":"https:\/\/laultimapalabra.com.mx\/portal\/wp-json\/wp\/v2\/media\/28796"}],"wp:attachment":[{"href":"https:\/\/laultimapalabra.com.mx\/portal\/wp-json\/wp\/v2\/media?parent=28795"}],"wp:term":[{"taxonomy":"category","embeddable":true,"href":"https:\/\/laultimapalabra.com.mx\/portal\/wp-json\/wp\/v2\/categories?post=28795"},{"taxonomy":"post_tag","embeddable":true,"href":"https:\/\/laultimapalabra.com.mx\/portal\/wp-json\/wp\/v2\/tags?post=28795"}],"curies":[{"name":"wp","href":"https:\/\/api.w.org\/{rel}","templated":true}]}}