                       {"id":28806,"date":"2022-05-14T11:04:26","date_gmt":"2022-05-14T17:04:26","guid":{"rendered":"https:\/\/laultimapalabra.com.mx\/portal\/?p=28806"},"modified":"2024-12-11T11:16:20","modified_gmt":"2024-12-11T17:16:20","slug":"ofrece-amlo-a-padres-de-debanhi-que-no-habra-impunidad","status":"publish","type":"post","link":"https:\/\/laultimapalabra.com.mx\/portal\/ofrece-amlo-a-padres-de-debanhi-que-no-habra-impunidad\/","title":{"rendered":"Ofrece AMLO a padres de Debanhi que no habr\u00e1 impunidad"},"content":{"rendered":"<p><span style=\"font-size: 1rem;\">El presidente Andr\u00e9s Manuel L\u00f3pez Obrador inform\u00f3 que esta ma\u00f1ana se reuni\u00f3 con los padres de la joven Debanhi Escobar Bazald\u00faa, con quienes se comprometi\u00f3 a que no habr\u00e1 impunidad en este caso, que apunta a un posible feminicidio.<\/span><\/p>\n<p>Durante la conferencia ma\u00f1anera de este viernes, que se realiz\u00f3 en esta capital, el mandatario federal apunt\u00f3 que el profesor Mario Escobar y su esposa Dolores Bazald\u00faa, &#8220;est\u00e1n muy dolidos, desechos&#8221;, por lo que les dio su compromiso de ayudar a esclarecer lo sucedido.<br \/>\n&#8220;En eso coincidimos con el gobernador (Samuel Garc\u00eda) y con las autoridades de Nuevo Le\u00f3n, y vamos a estar pendientes y nos van a seguir ayudando ustedes (los medios) tambi\u00e9n. Ayuda mucho la transparencia, la denuncia y la cr\u00edtica. Entonces que no haya impunidad, y que se pueda siempre hacer justicia&#8221;.<br \/>\nAdem\u00e0s del encuentro con el presidente, los padres de la joven se reunir\u00e1n hoy con el subsecretario de Seguridad y Protecci\u00f3n Ciudadana del gobierno federal, Ricardo Mej\u00eda, y autoridades locales, seg\u00fan inform\u00f3 el propio funcionario en la conferencia.<br \/>\nFuente: La Jornada<\/p>\n","protected":false},"excerpt":{"rendered":"<p>El presidente Andr\u00e9s Manuel L\u00f3pez Obrador inform\u00f3 que esta ma\u00f1ana se reuni\u00f3 con los padres de la joven Debanhi Escobar Bazald\u00faa, con quienes se comprometi\u00f3 a que no habr\u00e1 impunidad en este caso, que apunta a un posible feminicidio. Durante la conferencia ma\u00f1anera de este viernes, que se realiz\u00f3 en esta capital, el mandatario federal [&hellip;]<\/p>\n","protected":false},"author":7,"featured_media":28807,"comment_status":"closed","ping_status":"closed","sticky":false,"template":"","format":"standard","meta":{"footnotes":""},"categories":[19],"tags":[124,4320,4191],"class_list":["post-28806","post","type-post","status-publish","format-standard","has-post-thumbnail","hentry","category-nacional","tag-amlo","tag-debanhi-escobar","tag-nuevo-leon"],"_links":{"self":[{"href":"https:\/\/laultimapalabra.com.mx\/portal\/wp-json\/wp\/v2\/posts\/28806","targetHints":{"allow":["GET"]}}],"collection":[{"href":"https:\/\/laultimapalabra.com.mx\/portal\/wp-json\/wp\/v2\/posts"}],"about":[{"href":"https:\/\/laultimapalabra.com.mx\/portal\/wp-json\/wp\/v2\/types\/post"}],"author":[{"embeddable":true,"href":"https:\/\/laultimapalabra.com.mx\/portal\/wp-json\/wp\/v2\/users\/7"}],"replies":[{"embeddable":true,"href":"https:\/\/laultimapalabra.com.mx\/portal\/wp-json\/wp\/v2\/comments?post=28806"}],"version-history":[{"count":2,"href":"https:\/\/laultimapalabra.com.mx\/portal\/wp-json\/wp\/v2\/posts\/28806\/revisions"}],"predecessor-version":[{"id":76564,"href":"https:\/\/laultimapalabra.com.mx\/portal\/wp-json\/wp\/v2\/posts\/28806\/revisions\/76564"}],"wp:featuredmedia":[{"embeddable":true,"href":"https:\/\/laultimapalabra.com.mx\/portal\/wp-json\/wp\/v2\/media\/28807"}],"wp:attachment":[{"href":"https:\/\/laultimapalabra.com.mx\/portal\/wp-json\/wp\/v2\/media?parent=28806"}],"wp:term":[{"taxonomy":"category","embeddable":true,"href":"https:\/\/laultimapalabra.com.mx\/portal\/wp-json\/wp\/v2\/categories?post=28806"},{"taxonomy":"post_tag","embeddable":true,"href":"https:\/\/laultimapalabra.com.mx\/portal\/wp-json\/wp\/v2\/tags?post=28806"}],"curies":[{"name":"wp","href":"https:\/\/api.w.org\/{rel}","templated":true}]}}