                       {"id":2893,"date":"2018-08-10T02:04:38","date_gmt":"2018-08-10T02:04:38","guid":{"rendered":"http:\/\/laultimapalabra.info\/?p=2893"},"modified":"2024-12-11T08:37:23","modified_gmt":"2024-12-11T14:37:23","slug":"el-quemador-27","status":"publish","type":"post","link":"https:\/\/laultimapalabra.com.mx\/portal\/el-quemador-27\/","title":{"rendered":"El Quemador"},"content":{"rendered":"<p style=\"text-align: justify;\"><img loading=\"lazy\" decoding=\"async\" class=\"size-medium wp-image-159 alignleft\" src=\"https:\/\/laultimapalabra.com.mx\/portal\/wp-content\/uploads\/2018\/02\/Banner-Caliente-copia-300x171.jpg\" alt=\"\" width=\"300\" height=\"171\" \/>Por: El Repre<\/p>\n<p style=\"text-align: justify;\">SANTA PAZ<br \/>\nIniciamos esta columneja de harto calor (que bueno que ya terminar\u00e1 la can\u00edcula) cont\u00e1ndoles que a pesar de estar a poco m\u00e1s de un mes de iniciar los procesos de elecci\u00f3n para Representantes y Comit\u00e9 Ejecutivo Local en nuestra Secci\u00f3n se respiran aires de tranquilidad\u2026 \u00bfser\u00e1 que los compitas est\u00e1n guardando sus fuerzas para el d\u00eda de las elecciones? Puede ser, por lo pronto que sigamos disfrutando de la santa paz que impera en nuestra Secci\u00f3n!!<br \/>\nNO PARA<br \/>\nY el que no para de sudar la gota gorda es nuestro Secretario General el S\u00faper Faly Ortu\u00f1o\u2026pues ya un d\u00eda se le ve en los talleres o plantas llevando las buenas noticias a la raza, y otro se le ve en la Gerencia haciendo gestiones o en las oficinas sindicales atendiendo a los compitas\u2026bien por S\u00faper Faly que va como caballo de hacienda firme por la reelecci\u00f3n!!<br \/>\nCARA DE PERRO<br \/>\nPasando a otros temas, muchos pero muchos derechohabientes del Hospital General Cadereyta nos escriben para quejarse de la Tatiana Cara de Perro Ponce\u2026pues resulta que esta mujer est\u00e1 a cargo del Censo m\u00e9dico y se la vive de grosera, pedante y mamila con la gente que tiene que desgraciadamente tiene que ver un caso con esta infeliz mujer\u2026s\u00edganle!!<br \/>\nCONFLICTIVA Y HUEVONA<br \/>\nPues de entra la Tatiana es de lo m\u00e1s conflictiva, pues no solo hace como quiere a los pobres derechohabientes, sino que tambi\u00e9n se pasa de mamila con sus compa\u00f1eros y con las autoridades del Hospital y Comisionados Sindicales\u2026y mucho de eso comienza porque la mujer es huevona, ya que ni para pararse a abrir su ventanilla es buena\u2026desde ah\u00ed ya va enojada la desgraciada y luego si vas con ella a deshoras o te falta un dato o un documento que llevas pa\u2019 que te reciba te pone una pedorreada como si ella fuera do\u00f1a perfecta\u2026s\u00edganle!!<br \/>\nMALOS RATOS<br \/>\nLa verdad que es insostenible que tengan a la nefasta Tatiana atendiendo en el Censo de esa manera a los derechohabientes\u2026como si el enfermo o el familiar del enfermo despu\u00e9s de tener su problem\u00f3n quisiera ir a verle la cara de perro a la Ponce y pasar m\u00e1s malos ratos\u2026en el Censo se necesita gente educada, servicial, emp\u00e1tica, paciente, agradable, amable y cr\u00e9anlo Tatiana no tiene ni pizca de esto\u2026s\u00edganle!!<br \/>\nMODO PERRO<br \/>\nEs por eso que hacemos un llamado al Director del Hospital y a la Jefe de Recursos Humanos para que quiten a la cara de perro del Censo m\u00e9dico, o ya m\u00ednimo que la manden a un curso de relaciones humanas o que le consigan un bato para ver si se le quita el modo perro que siempre trae y descarga en contra de la gente\u2026m\u00e1s de esta mujer la pr\u00f3xima semana!!<br \/>\nCORNELIO<br \/>\nHablando de perros, el que sigue jeringando a los compitas del Taller Mec\u00e1nico es Octavio cuerno largo Guerrero\u2026y es que el \u201cMalhecho\u201d este sigue obsesionado con la idea de ser comisionado sindical (ni en una planilla de juguete gana el desgraciado este)\u2026pues ah\u00ed tienen que al que no le confirma que votar\u00e1 por \u00e9l lo manda a jalar lo m\u00e1s lejos posible y le hace la vida de cuadritos\u2026s\u00edganle!!<br \/>\nFIESTA<br \/>\nTanta es la obsesi\u00f3n del Octavio con ser funcionario sindical que el d\u00eda de hoy le est\u00e1 ofreciendo otra fiesta de cumplea\u00f1os a S\u00faper Faly y todo porque seg\u00fan \u00e9l con la fiesta asegurar\u00e1 su tan anhelada comisi\u00f3n\u2026ah, como ser\u00e1 baboso el Octavio, ahora entendemos por qu\u00e9 la chaparrita le repone el cuerno\u2026ni c\u00f3mo ayudar al cuerno largo Guerrero!!<br \/>\nBODOQUES<br \/>\nAl que se le cay\u00f3 el teatrito fue al bueno para nada de Iv\u00e1n el bodoque Mart\u00ednez, Repre de Fuerza\u2026y es que el muy zonzo cre\u00eda que nadie le iba a sacar sus trapitos al sol\u2026pues eso le pasa por hocic\u00f3n ya que no se cansaba de decir que ser\u00eda funcionario sindical quesque porque ya se lo hab\u00edan prometido desde muy arriba\u2026ub\u00edcate patas cortas, ni en tu planta te quieren!!<br \/>\nEL\u00c9CTRICO<br \/>\nDel Taller El\u00e9ctrico nos cuentan que nadie quiere a Daniel Cacho Ram\u00edrez como Representante del departamento ya que es un prepotente y no tiene modos para tratar con la gente\u2026la cosa es que el Jefe y mayordomo presionan a los compitas para que apoyen a la lacra Ram\u00edrez\u2026m\u00e1s de este caso la pr\u00f3xima semana!!&#8230;Arrivederchi!!<\/p>\n","protected":false},"excerpt":{"rendered":"<p>Por: El Repre SANTA PAZ Iniciamos esta columneja de harto calor (que bueno que ya terminar\u00e1 la can\u00edcula) cont\u00e1ndoles que a pesar de estar a poco m\u00e1s de un mes de iniciar los procesos de elecci\u00f3n para Representantes y Comit\u00e9 Ejecutivo Local en nuestra Secci\u00f3n se respiran aires de tranquilidad\u2026 \u00bfser\u00e1 que los compitas est\u00e1n [&hellip;]<\/p>\n","protected":false},"author":9,"featured_media":159,"comment_status":"open","ping_status":"closed","sticky":false,"template":"","format":"standard","meta":{"footnotes":""},"categories":[1],"tags":[942,943],"class_list":["post-2893","post","type-post","status-publish","format-standard","has-post-thumbnail","hentry","category-noticias","tag-el-quemador","tag-el-repre"],"_links":{"self":[{"href":"https:\/\/laultimapalabra.com.mx\/portal\/wp-json\/wp\/v2\/posts\/2893","targetHints":{"allow":["GET"]}}],"collection":[{"href":"https:\/\/laultimapalabra.com.mx\/portal\/wp-json\/wp\/v2\/posts"}],"about":[{"href":"https:\/\/laultimapalabra.com.mx\/portal\/wp-json\/wp\/v2\/types\/post"}],"author":[{"embeddable":true,"href":"https:\/\/laultimapalabra.com.mx\/portal\/wp-json\/wp\/v2\/users\/9"}],"replies":[{"embeddable":true,"href":"https:\/\/laultimapalabra.com.mx\/portal\/wp-json\/wp\/v2\/comments?post=2893"}],"version-history":[{"count":1,"href":"https:\/\/laultimapalabra.com.mx\/portal\/wp-json\/wp\/v2\/posts\/2893\/revisions"}],"predecessor-version":[{"id":64571,"href":"https:\/\/laultimapalabra.com.mx\/portal\/wp-json\/wp\/v2\/posts\/2893\/revisions\/64571"}],"wp:featuredmedia":[{"embeddable":true,"href":"https:\/\/laultimapalabra.com.mx\/portal\/wp-json\/"}],"wp:attachment":[{"href":"https:\/\/laultimapalabra.com.mx\/portal\/wp-json\/wp\/v2\/media?parent=2893"}],"wp:term":[{"taxonomy":"category","embeddable":true,"href":"https:\/\/laultimapalabra.com.mx\/portal\/wp-json\/wp\/v2\/categories?post=2893"},{"taxonomy":"post_tag","embeddable":true,"href":"https:\/\/laultimapalabra.com.mx\/portal\/wp-json\/wp\/v2\/tags?post=2893"}],"curies":[{"name":"wp","href":"https:\/\/api.w.org\/{rel}","templated":true}]}}