                       {"id":29092,"date":"2022-05-23T12:58:34","date_gmt":"2022-05-23T18:58:34","guid":{"rendered":"https:\/\/laultimapalabra.com.mx\/portal\/?p=29092"},"modified":"2024-12-11T10:35:46","modified_gmt":"2024-12-11T16:35:46","slug":"detienen-a-dos-con-marihuana-en-arboledas","status":"publish","type":"post","link":"https:\/\/laultimapalabra.com.mx\/portal\/detienen-a-dos-con-marihuana-en-arboledas\/","title":{"rendered":"Detienen a dos con marihuana en Arboledas"},"content":{"rendered":"<p>Cadereyta Jim\u00e9nez, N.L.- Dos hombres fueron detenidos por policias municipales despues de que les fue encontrada droga presuntamente marihuana en la colonia Arboledas del municipio de Cadereyta.<\/p>\n<p>Los hechos se realizaron al estar efectuando el servicio de Inspecci\u00f3n, Seguridad, Verificaci\u00f3n y Vigilancia en la colonia ya mencionada, donde se realiz\u00f3 la detenci\u00f3n de quienes responden al nombre de Francisco N. de 41 a\u00f1os de edad y Daniel N. de 18 a quienes se les localiz\u00f3 entre sus pertenecias envoltorios de hierba seca y verde con las caracter\u00edsticas de la droga conocida como marihuana.<\/p>\n<p>Tras su detenci\u00f3n fueron trasladados al Centro de Orientaci\u00f3n y Denuncia, autoridad responsable de iniciar el procedimiento legal en su contra.<\/p>\n","protected":false},"excerpt":{"rendered":"<p>Cadereyta Jim\u00e9nez, N.L.- Dos hombres fueron detenidos por policias municipales despues de que les fue encontrada droga presuntamente marihuana en la colonia Arboledas del municipio de Cadereyta. Los hechos se realizaron al estar efectuando el servicio de Inspecci\u00f3n, Seguridad, Verificaci\u00f3n y Vigilancia en la colonia ya mencionada, donde se realiz\u00f3 la detenci\u00f3n de quienes responden [&hellip;]<\/p>\n","protected":false},"author":9,"featured_media":29093,"comment_status":"closed","ping_status":"closed","sticky":false,"template":"","format":"standard","meta":{"footnotes":""},"categories":[9],"tags":[4344],"class_list":["post-29092","post","type-post","status-publish","format-standard","has-post-thumbnail","hentry","category-seguridad-cadereyta","tag-capturados"],"_links":{"self":[{"href":"https:\/\/laultimapalabra.com.mx\/portal\/wp-json\/wp\/v2\/posts\/29092","targetHints":{"allow":["GET"]}}],"collection":[{"href":"https:\/\/laultimapalabra.com.mx\/portal\/wp-json\/wp\/v2\/posts"}],"about":[{"href":"https:\/\/laultimapalabra.com.mx\/portal\/wp-json\/wp\/v2\/types\/post"}],"author":[{"embeddable":true,"href":"https:\/\/laultimapalabra.com.mx\/portal\/wp-json\/wp\/v2\/users\/9"}],"replies":[{"embeddable":true,"href":"https:\/\/laultimapalabra.com.mx\/portal\/wp-json\/wp\/v2\/comments?post=29092"}],"version-history":[{"count":2,"href":"https:\/\/laultimapalabra.com.mx\/portal\/wp-json\/wp\/v2\/posts\/29092\/revisions"}],"predecessor-version":[{"id":76691,"href":"https:\/\/laultimapalabra.com.mx\/portal\/wp-json\/wp\/v2\/posts\/29092\/revisions\/76691"}],"wp:featuredmedia":[{"embeddable":true,"href":"https:\/\/laultimapalabra.com.mx\/portal\/wp-json\/wp\/v2\/media\/29093"}],"wp:attachment":[{"href":"https:\/\/laultimapalabra.com.mx\/portal\/wp-json\/wp\/v2\/media?parent=29092"}],"wp:term":[{"taxonomy":"category","embeddable":true,"href":"https:\/\/laultimapalabra.com.mx\/portal\/wp-json\/wp\/v2\/categories?post=29092"},{"taxonomy":"post_tag","embeddable":true,"href":"https:\/\/laultimapalabra.com.mx\/portal\/wp-json\/wp\/v2\/tags?post=29092"}],"curies":[{"name":"wp","href":"https:\/\/api.w.org\/{rel}","templated":true}]}}