                       {"id":29259,"date":"2022-05-28T09:27:31","date_gmt":"2022-05-28T15:27:31","guid":{"rendered":"https:\/\/laultimapalabra.com.mx\/portal\/?p=29259"},"modified":"2024-12-11T10:35:46","modified_gmt":"2024-12-11T16:35:46","slug":"sufren-casi-un-mes-con-fuga-de-drenaje","status":"publish","type":"post","link":"https:\/\/laultimapalabra.com.mx\/portal\/sufren-casi-un-mes-con-fuga-de-drenaje\/","title":{"rendered":"Sufren casi un mes con fuga de drenaje"},"content":{"rendered":"<p><span style=\"font-size: 1rem;\">Ju\u00e1rez, N.L.-<\/span><span style=\"font-size: 1rem;\">Vecinos de la colonia Mirador del R\u00edo, de Ju\u00e1rez, Nuevo Le\u00f3n, denunciaron a La Ultima Palabra, que sufren una fuga de aguas negras, sin que hasta el momento haya respuesta de Agua y Drenaje.<\/span><\/p>\n<p><img loading=\"lazy\" decoding=\"async\" class=\"alignnone size-medium wp-image-29260\" src=\"https:\/\/laultimapalabra.com.mx\/portal\/wp-content\/uploads\/2022\/05\/received_792492028383709-225x300.jpeg\" alt=\"\" width=\"225\" height=\"300\" srcset=\"https:\/\/laultimapalabra.com.mx\/portal\/wp-content\/uploads\/2022\/05\/received_792492028383709-225x300.jpeg 225w, https:\/\/laultimapalabra.com.mx\/portal\/wp-content\/uploads\/2022\/05\/received_792492028383709-768x1024.jpeg 768w, https:\/\/laultimapalabra.com.mx\/portal\/wp-content\/uploads\/2022\/05\/received_792492028383709-1152x1536.jpeg 1152w, https:\/\/laultimapalabra.com.mx\/portal\/wp-content\/uploads\/2022\/05\/received_792492028383709.jpeg 1200w\" sizes=\"auto, (max-width: 225px) 100vw, 225px\" \/><\/p>\n<p>Es en la Calle R\u00edo Potos\u00ed, donde las aguas de drenaje brotan y afectan varias cuadras cercanas al lugar.<\/p>\n<p>Los afectados ya han realizado innumerables reportes a Servicios de Agua y Drenaje de Monterrey, Pero no han tenido repuesta hasta el momento.<\/p>\n<p>Son 24 horas al d\u00eda, que sufren de malos olores que penetran a sus casas, adem\u00e1s de la insalubridad que esto representa.<\/p>\n<p>Los afectados piden que el gobierno municipal intervenga y exija a la paraestatal la soluci\u00f3n, ya que el desborde de aguas negras est\u00e1n da\u00f1ado el pavimento.<\/p>\n","protected":false},"excerpt":{"rendered":"<p>Ju\u00e1rez, N.L.-Vecinos de la colonia Mirador del R\u00edo, de Ju\u00e1rez, Nuevo Le\u00f3n, denunciaron a La Ultima Palabra, que sufren una fuga de aguas negras, sin que hasta el momento haya respuesta de Agua y Drenaje. Es en la Calle R\u00edo Potos\u00ed, donde las aguas de drenaje brotan y afectan varias cuadras cercanas al lugar. Los [&hellip;]<\/p>\n","protected":false},"author":7,"featured_media":29261,"comment_status":"closed","ping_status":"closed","sticky":false,"template":"","format":"standard","meta":{"footnotes":""},"categories":[18],"tags":[73,4318],"class_list":["post-29259","post","type-post","status-publish","format-standard","has-post-thumbnail","hentry","category-locales-juarez","tag-aguas-negras","tag-fuga"],"_links":{"self":[{"href":"https:\/\/laultimapalabra.com.mx\/portal\/wp-json\/wp\/v2\/posts\/29259","targetHints":{"allow":["GET"]}}],"collection":[{"href":"https:\/\/laultimapalabra.com.mx\/portal\/wp-json\/wp\/v2\/posts"}],"about":[{"href":"https:\/\/laultimapalabra.com.mx\/portal\/wp-json\/wp\/v2\/types\/post"}],"author":[{"embeddable":true,"href":"https:\/\/laultimapalabra.com.mx\/portal\/wp-json\/wp\/v2\/users\/7"}],"replies":[{"embeddable":true,"href":"https:\/\/laultimapalabra.com.mx\/portal\/wp-json\/wp\/v2\/comments?post=29259"}],"version-history":[{"count":2,"href":"https:\/\/laultimapalabra.com.mx\/portal\/wp-json\/wp\/v2\/posts\/29259\/revisions"}],"predecessor-version":[{"id":76769,"href":"https:\/\/laultimapalabra.com.mx\/portal\/wp-json\/wp\/v2\/posts\/29259\/revisions\/76769"}],"wp:featuredmedia":[{"embeddable":true,"href":"https:\/\/laultimapalabra.com.mx\/portal\/wp-json\/wp\/v2\/media\/29261"}],"wp:attachment":[{"href":"https:\/\/laultimapalabra.com.mx\/portal\/wp-json\/wp\/v2\/media?parent=29259"}],"wp:term":[{"taxonomy":"category","embeddable":true,"href":"https:\/\/laultimapalabra.com.mx\/portal\/wp-json\/wp\/v2\/categories?post=29259"},{"taxonomy":"post_tag","embeddable":true,"href":"https:\/\/laultimapalabra.com.mx\/portal\/wp-json\/wp\/v2\/tags?post=29259"}],"curies":[{"name":"wp","href":"https:\/\/api.w.org\/{rel}","templated":true}]}}