                       {"id":29432,"date":"2022-06-01T14:55:11","date_gmt":"2022-06-01T20:55:11","guid":{"rendered":"https:\/\/laultimapalabra.com.mx\/portal\/?p=29432"},"modified":"2024-12-11T10:35:47","modified_gmt":"2024-12-11T16:35:47","slug":"revelara-eu-plan-migratorio-en-cumbre-esperan-que-amlo-vaya","status":"publish","type":"post","link":"https:\/\/laultimapalabra.com.mx\/portal\/revelara-eu-plan-migratorio-en-cumbre-esperan-que-amlo-vaya\/","title":{"rendered":"Revelar\u00e1 EU plan migratorio en Cumbre; esperan que AMLO vaya"},"content":{"rendered":"<p>Washington DC, Estados Unidos(31 mayo 2022).- El Presidente de Estados Unidos, Joe Biden, tiene previsto presentar un plan para hacer frente a la migraci\u00f3n en el continente cuando sea el anfitri\u00f3n de la Cumbre de las Am\u00e9ricas, dijeron el martes altos funcionarios estadounidenses.<\/p>\n<p>Al adelantar las prioridades de Biden para las conversaciones de alto nivel en Los \u00c1ngeles la pr\u00f3xima semana, los funcionarios dijeron que esperaban que el Presidente mexicano Andr\u00e9s Manuel L\u00f3pez Obrador asistiera a la cita, pese a que amenaz\u00f3 con no ir si no se invitaba a todos los pa\u00edses del hemisferio.<\/p>\n<p>Adem\u00e1s del plan de migraci\u00f3n, Biden buscar\u00e1 un consenso regional en torno a una nueva agenda econ\u00f3mica que se base en los acuerdos comerciales existentes con Am\u00e9rica Latina, seg\u00fan los funcionarios.<\/p>\n<p>En sus declaraciones, los funcionarios dijeron que el mensaje del dem\u00f3crata ser\u00e1 que &#8220;no podemos hacer negocios como siempre&#8221; en el hemisferio, pero ofrecieron pocos detalles sobre c\u00f3mo abordar\u00edan los retos.<\/p>\n<p>Fuente: El Norte<\/p>\n","protected":false},"excerpt":{"rendered":"<p>Washington DC, Estados Unidos(31 mayo 2022).- El Presidente de Estados Unidos, Joe Biden, tiene previsto presentar un plan para hacer frente a la migraci\u00f3n en el continente cuando sea el anfitri\u00f3n de la Cumbre de las Am\u00e9ricas, dijeron el martes altos funcionarios estadounidenses. Al adelantar las prioridades de Biden para las conversaciones de alto nivel [&hellip;]<\/p>\n","protected":false},"author":9,"featured_media":29433,"comment_status":"closed","ping_status":"closed","sticky":false,"template":"","format":"standard","meta":{"footnotes":""},"categories":[16],"tags":[124],"class_list":["post-29432","post","type-post","status-publish","format-standard","has-post-thumbnail","hentry","category-internacional","tag-amlo"],"_links":{"self":[{"href":"https:\/\/laultimapalabra.com.mx\/portal\/wp-json\/wp\/v2\/posts\/29432","targetHints":{"allow":["GET"]}}],"collection":[{"href":"https:\/\/laultimapalabra.com.mx\/portal\/wp-json\/wp\/v2\/posts"}],"about":[{"href":"https:\/\/laultimapalabra.com.mx\/portal\/wp-json\/wp\/v2\/types\/post"}],"author":[{"embeddable":true,"href":"https:\/\/laultimapalabra.com.mx\/portal\/wp-json\/wp\/v2\/users\/9"}],"replies":[{"embeddable":true,"href":"https:\/\/laultimapalabra.com.mx\/portal\/wp-json\/wp\/v2\/comments?post=29432"}],"version-history":[{"count":2,"href":"https:\/\/laultimapalabra.com.mx\/portal\/wp-json\/wp\/v2\/posts\/29432\/revisions"}],"predecessor-version":[{"id":76841,"href":"https:\/\/laultimapalabra.com.mx\/portal\/wp-json\/wp\/v2\/posts\/29432\/revisions\/76841"}],"wp:featuredmedia":[{"embeddable":true,"href":"https:\/\/laultimapalabra.com.mx\/portal\/wp-json\/wp\/v2\/media\/29433"}],"wp:attachment":[{"href":"https:\/\/laultimapalabra.com.mx\/portal\/wp-json\/wp\/v2\/media?parent=29432"}],"wp:term":[{"taxonomy":"category","embeddable":true,"href":"https:\/\/laultimapalabra.com.mx\/portal\/wp-json\/wp\/v2\/categories?post=29432"},{"taxonomy":"post_tag","embeddable":true,"href":"https:\/\/laultimapalabra.com.mx\/portal\/wp-json\/wp\/v2\/tags?post=29432"}],"curies":[{"name":"wp","href":"https:\/\/api.w.org\/{rel}","templated":true}]}}