                       {"id":2944,"date":"2018-08-16T23:44:14","date_gmt":"2018-08-16T23:44:14","guid":{"rendered":"http:\/\/laultimapalabra.info\/?p=2944"},"modified":"2024-12-11T08:37:24","modified_gmt":"2024-12-11T14:37:24","slug":"y-381-anos-despues-que-diria-don-martin","status":"publish","type":"post","link":"https:\/\/laultimapalabra.com.mx\/portal\/y-381-anos-despues-que-diria-don-martin\/","title":{"rendered":"Y 381 a\u00f1os despu\u00e9s\u2026\u2026 Que dir\u00eda Don Mart\u00edn"},"content":{"rendered":"<p style=\"text-align: justify;\"><img loading=\"lazy\" decoding=\"async\" class=\"size-medium wp-image-2945 alignleft\" src=\"https:\/\/laultimapalabra.com.mx\/portal\/wp-content\/uploads\/2018\/08\/Captura-de-pantalla-2017-07-08-a-las-10_54_43-a_m-copia-292x300.jpg\" alt=\"\" width=\"292\" height=\"300\" \/>Por: Dr. Jos\u00e9 Ascenci\u00f3n Tijerina Flores<br \/>\nImaginemos\u2026, dejemos volar la imaginaci\u00f3n por un momento y miremos al fundador de Cadereyta Mart\u00edn de Zavala, cuarto Gobernador de Nuevo Reino de Le\u00f3n con sus colaboradores y a 381 a\u00f1os de distancia\u2026. \u00bfQu\u00e9 pensar\u00eda?.<br \/>\nDon Mart\u00edn de Zavala y Don Luis de Zu\u00f1iga se encuentra en el sitio indicado por el primero para fundar la segunda Villa que al Rey de Espa\u00f1a Felipe IV le prometido.<br \/>\nLuego del disgusto que le caus\u00f3 al Gobernador la distribuci\u00f3n de solares y jacales, reprendi\u00f3 a Don Luis y lo oblig\u00f3 a cambiar la ubicaci\u00f3n de la villa aun lugar un poco m\u00e1s alto, hacia el sur del sitio original y as\u00ed elaborar una nueva acta que ser\u00eda firmada por el para hacer oficial aquel acto un 25 de febrero de 1638.<br \/>\nDon Mart\u00edn no estuvo presente en la anterior reuni\u00f3n de vecinos por achaques de salud, pero tambi\u00e9n se pens\u00f3 que se encontraba deprimido por el rechazo de la poblaci\u00f3n de Monterrey hacia el por cambiar el nombre de Ciudad Metropolitana de Nuestra Se\u00f1ora de Monterrey para llamarla Villa de Cerralvo.<br \/>\nDos a\u00f1os habr\u00eda durado esta situaci\u00f3n, pero una vez superadas aquellas desavenencias decidi\u00f3 hacerse presente en la Villa de San Juan Bautista de Cadereyta seg\u00fan decisi\u00f3n personal para llamar as\u00ed a este lugar.<br \/>\nPero continuemos\u2026, Don Mart\u00edn discute con Don Luis: \u201cPorque este lugar?, porque est\u00e1n tan contaminadas las aguas de los r\u00edos?, Porque tanta basura, porque el ruido, acaso no era este sitio de tranquilidad y reposo para encontrarse con Dios y consigo mismo?, ahora esas aguas van a dar a un lugar disque de recreo que llaman \u201cEl Cuchillo\u201d.<br \/>\nElevan las miradas al infinito y dice Don Mart\u00edn a los presentes \u201cYa no est\u00e1n tan limpio este cielo, no veo animales silvestres ni oigo los canticos de las aves\u201d.<br \/>\nMart\u00edn como buen explorador decide hacer una inspecci\u00f3n y exclama \u201cBueno al menos el clima no ha cambiado tanto siempre ha sido extremoso y sufrido y sigue siendo una prueba para los lugare\u00f1os para superarse\u201d.<br \/>\nDon Mart\u00edn lamenta tantos destrozos en los bosques y cerros para explotar tierras y maderas, \u201cPorque\u201d exclama.<br \/>\nHambrientos los personajes llegan a un restaurante de comida regional, claro el cabrito en salsa o fritada y las gorditas de harina, comidas tra\u00eddas por los conquistadores son consumidas con voracidad.<br \/>\nCon algunos comensales es f\u00e1cil entablar conversaci\u00f3n, con otros no tanto, preguntan por personas de campo y les contestan que muchos han preferido trasladarse a la gran ciudad o irse al otro lado del R\u00edo Bravo y cosa rara, los r\u00edos antes abundantes ahora lucen secos y sucios pero de vez en vez nos siguen inundando, cosa extra\u00f1a no?.<br \/>\nLlegan empresarios a los que escuchan decir los trabajadores: Hay que corregir detalles y ser m\u00e1s productivos y sin olvidar a las personas como tales.<br \/>\nLes agrada que en la ciudad se preocupen las autoridades por la cultura \u201cLa ciudad debe ser la urbe del conocimiento, hay que apoyarlos, corregir a los j\u00f3venes, alejarlos de vicios y malas costumbres, educarlos, ense\u00f1arles el buen gusto por la buena m\u00fasica, que no se tat\u00faen la piel y que no se pongan \u201ccolguijes\u201d como nuestros indios hace 381 a\u00f1os, o acaso no han cambiado las cosas?, y por favor ya no les den tanto futbol\u201d exclama Don Mart\u00edn.<br \/>\nEl Gobernador saluda al General Alonso, a Don Agapito, a Don Antonio, al General Trevi\u00f1o, General Jos\u00e9 Mar\u00eda y al General Anacleto Gobernadores que impulsaron el Desarrollo de la Educaci\u00f3n y el trabajo en este Cadereyta.<br \/>\nLlegan algunos ex Alcaldes y con fuerte abrazo le reclaman \u201cEl centralismo se lo lleva todo, no tenemos recursos\u201d.<br \/>\nDe pronto Don Mart\u00edn, Don Luis y su gente se ponen de pie y exclaman \u201cEsto est\u00e1 creciendo en serio\u201d y alzando la vista hacia el emblem\u00e1tico Cerro de la Silla se dirigen a la salida del local y solo se escucha de ellos esta recomendaci\u00f3n: \u201cA jalar que se ocupa, solo son 381 a\u00f1os\u2026 m\u00e1s lo que falta, hay nos vemos el pr\u00f3ximo a\u00f1o si el Se\u00f1or lo permite\u201d.<br \/>\nGracias<\/p>\n","protected":false},"excerpt":{"rendered":"<p>Por: Dr. Jos\u00e9 Ascenci\u00f3n Tijerina Flores Imaginemos\u2026, dejemos volar la imaginaci\u00f3n por un momento y miremos al fundador de Cadereyta Mart\u00edn de Zavala, cuarto Gobernador de Nuevo Reino de Le\u00f3n con sus colaboradores y a 381 a\u00f1os de distancia\u2026. \u00bfQu\u00e9 pensar\u00eda?. Don Mart\u00edn de Zavala y Don Luis de Zu\u00f1iga se encuentra en el sitio [&hellip;]<\/p>\n","protected":false},"author":9,"featured_media":2945,"comment_status":"open","ping_status":"closed","sticky":false,"template":"","format":"standard","meta":{"footnotes":""},"categories":[1],"tags":[879],"class_list":["post-2944","post","type-post","status-publish","format-standard","has-post-thumbnail","hentry","category-noticias","tag-dr-jose-ascencion-tijerina-flores"],"_links":{"self":[{"href":"https:\/\/laultimapalabra.com.mx\/portal\/wp-json\/wp\/v2\/posts\/2944","targetHints":{"allow":["GET"]}}],"collection":[{"href":"https:\/\/laultimapalabra.com.mx\/portal\/wp-json\/wp\/v2\/posts"}],"about":[{"href":"https:\/\/laultimapalabra.com.mx\/portal\/wp-json\/wp\/v2\/types\/post"}],"author":[{"embeddable":true,"href":"https:\/\/laultimapalabra.com.mx\/portal\/wp-json\/wp\/v2\/users\/9"}],"replies":[{"embeddable":true,"href":"https:\/\/laultimapalabra.com.mx\/portal\/wp-json\/wp\/v2\/comments?post=2944"}],"version-history":[{"count":1,"href":"https:\/\/laultimapalabra.com.mx\/portal\/wp-json\/wp\/v2\/posts\/2944\/revisions"}],"predecessor-version":[{"id":64599,"href":"https:\/\/laultimapalabra.com.mx\/portal\/wp-json\/wp\/v2\/posts\/2944\/revisions\/64599"}],"wp:featuredmedia":[{"embeddable":true,"href":"https:\/\/laultimapalabra.com.mx\/portal\/wp-json\/"}],"wp:attachment":[{"href":"https:\/\/laultimapalabra.com.mx\/portal\/wp-json\/wp\/v2\/media?parent=2944"}],"wp:term":[{"taxonomy":"category","embeddable":true,"href":"https:\/\/laultimapalabra.com.mx\/portal\/wp-json\/wp\/v2\/categories?post=2944"},{"taxonomy":"post_tag","embeddable":true,"href":"https:\/\/laultimapalabra.com.mx\/portal\/wp-json\/wp\/v2\/tags?post=2944"}],"curies":[{"name":"wp","href":"https:\/\/api.w.org\/{rel}","templated":true}]}}