                       {"id":29568,"date":"2022-06-06T11:02:12","date_gmt":"2022-06-06T17:02:12","guid":{"rendered":"https:\/\/laultimapalabra.com.mx\/portal\/?p=29568"},"modified":"2024-12-11T10:35:48","modified_gmt":"2024-12-11T16:35:48","slug":"confirma-amlo-que-no-asistira-a-la-cumbre-de-las-americas","status":"publish","type":"post","link":"https:\/\/laultimapalabra.com.mx\/portal\/confirma-amlo-que-no-asistira-a-la-cumbre-de-las-americas\/","title":{"rendered":"CONFIRMA AMLO QUE NO ASISTIR\u00c1 A LA CUMBRE DE LAS AM\u00c9RICAS"},"content":{"rendered":"<p>Con informaci\u00f3n de La Jornada. Ciudad de M\u00e9xico. El presidente Andr\u00e9s Manuel L\u00f3pez Obrador no asistir\u00e1 a la IX Cumbre de las Am\u00e9ricas luego que la Casa Blanca excluyera a tres naciones del hemisferio (Cuba, Nicaragua y Venezuela), lo que representa continuar con las pol\u00edticas de exclusi\u00f3n e injerencismo que ha dominado por m\u00e1s de dos siglos al interior de Estados Unidos.<\/p>\n<p>El mandatario mexicano inform\u00f3 en su conferencia ma\u00f1anera de este 6 de junio, que visitar\u00e1 a su hom\u00f3logo estadunidense, Joe Biden, en julio pr\u00f3ximo, a fin de plantearle varios temas: la necesidad de alcanzar el sue\u00f1o de Sim\u00f3n Bol\u00edvar de unidad, no s\u00f3lo de Latinoam\u00e9rica, sino que se sumen Estados Unidos y Canad\u00e1; la importancia de la aprobaci\u00f3n de la reforma migratoria para regularizar a unos 11 millones de personas indocumentadas y el necesario apoyo directo a Centroam\u00e9rica como medida para enfrentar las causas de la migraci\u00f3n.<\/p>\n<p>En la misma conferencia, el titular del Ejecutivo mexicano indic\u00f3: \u201cNo puede haber Cumbre de las Am\u00e9ricas si no participan todos los pa\u00edses del continente americano o (s\u00ed) puede haber, pero nosotros consideramos que es seguir con la vieja pol\u00edtica de intervencionismo, de falta de respeto a las naciones y a sus pueblos\u201d.<\/p>\n<p>L\u00f3pez Obrador urgi\u00f3 en la necesidad de cambiar la pol\u00edtica que Estados Unidos \u2013por presiones de poderosos grupos partidistas y de la comunidad cubana en ese pa\u00eds\u2014 \u201cha venido imponiendo desde hace siglos, la exclusi\u00f3n, el querer dominar sin raz\u00f3n alguna, el no respetar la soberan\u00eda de los pa\u00edses, la independencia de cada pa\u00eds\u201d.<\/p>\n<p>Censur\u00f3 una vez m\u00e1s, que como ejemplo de esa pol\u00edtica, exista un bloqueo de seis d\u00e9cadas contra Cuba medida que calific\u00f3 de \u201cgenocida\u201d.<\/p>\n<p>\u201cLos ciudadanos estadunidenses son de buen coraz\u00f3n, son sensibles, son humanos. \u00bfC\u00f3mo es que se va a mantener un bloqueo que impide que lleguen los alimentos al pueblo cubano, que impide que lleguen las medicinas? Eso es un tipo de genocidio, de tremenda violaci\u00f3n de derechos humanos\u2026.\u201d Dijo el Mandatario.<\/p>\n<p>Adem\u00e1s, el Presidente Mexicano indic\u00f3 que en representaci\u00f3n de M\u00e9xico asistir\u00e1 a la Cumbre el canciller Marcelo Ebrard, quien ma\u00f1ana dar\u00e1 una conferencia en la que dar\u00e1 a conocer las propuestas que va a llevar nuestro pa\u00eds a ese encuentro internacional.<\/p>\n<p>L\u00f3pez Obrador insisti\u00f3 en referirse a Biden como \u201cun buen hombre\u201d, pero lament\u00f3 que los grupos de presi\u00f3n, dirigentes de ambos partidos (Dem\u00f3crata y Republicano), as\u00ed como personajes de la comunidad cubana en Estados Unidos, en particular en Florida, hayan ejercido fuertes presiones para que se excluyera de la Cumbre a tres naciones.<\/p>\n","protected":false},"excerpt":{"rendered":"<p>Con informaci\u00f3n de La Jornada. Ciudad de M\u00e9xico. El presidente Andr\u00e9s Manuel L\u00f3pez Obrador no asistir\u00e1 a la IX Cumbre de las Am\u00e9ricas luego que la Casa Blanca excluyera a tres naciones del hemisferio (Cuba, Nicaragua y Venezuela), lo que representa continuar con las pol\u00edticas de exclusi\u00f3n e injerencismo que ha dominado por m\u00e1s de [&hellip;]<\/p>\n","protected":false},"author":9,"featured_media":29569,"comment_status":"closed","ping_status":"closed","sticky":false,"template":"","format":"standard","meta":{"footnotes":""},"categories":[19],"tags":[124],"class_list":["post-29568","post","type-post","status-publish","format-standard","has-post-thumbnail","hentry","category-nacional","tag-amlo"],"_links":{"self":[{"href":"https:\/\/laultimapalabra.com.mx\/portal\/wp-json\/wp\/v2\/posts\/29568","targetHints":{"allow":["GET"]}}],"collection":[{"href":"https:\/\/laultimapalabra.com.mx\/portal\/wp-json\/wp\/v2\/posts"}],"about":[{"href":"https:\/\/laultimapalabra.com.mx\/portal\/wp-json\/wp\/v2\/types\/post"}],"author":[{"embeddable":true,"href":"https:\/\/laultimapalabra.com.mx\/portal\/wp-json\/wp\/v2\/users\/9"}],"replies":[{"embeddable":true,"href":"https:\/\/laultimapalabra.com.mx\/portal\/wp-json\/wp\/v2\/comments?post=29568"}],"version-history":[{"count":2,"href":"https:\/\/laultimapalabra.com.mx\/portal\/wp-json\/wp\/v2\/posts\/29568\/revisions"}],"predecessor-version":[{"id":76907,"href":"https:\/\/laultimapalabra.com.mx\/portal\/wp-json\/wp\/v2\/posts\/29568\/revisions\/76907"}],"wp:featuredmedia":[{"embeddable":true,"href":"https:\/\/laultimapalabra.com.mx\/portal\/wp-json\/wp\/v2\/media\/29569"}],"wp:attachment":[{"href":"https:\/\/laultimapalabra.com.mx\/portal\/wp-json\/wp\/v2\/media?parent=29568"}],"wp:term":[{"taxonomy":"category","embeddable":true,"href":"https:\/\/laultimapalabra.com.mx\/portal\/wp-json\/wp\/v2\/categories?post=29568"},{"taxonomy":"post_tag","embeddable":true,"href":"https:\/\/laultimapalabra.com.mx\/portal\/wp-json\/wp\/v2\/tags?post=29568"}],"curies":[{"name":"wp","href":"https:\/\/api.w.org\/{rel}","templated":true}]}}