                       {"id":29660,"date":"2022-06-09T14:45:55","date_gmt":"2022-06-09T20:45:55","guid":{"rendered":"https:\/\/laultimapalabra.com.mx\/portal\/?p=29660"},"modified":"2024-12-11T10:35:49","modified_gmt":"2024-12-11T16:35:49","slug":"asegura-gobernador-que-cortes-de-agua-y-luz-no-son-su-culpa","status":"publish","type":"post","link":"https:\/\/laultimapalabra.com.mx\/portal\/asegura-gobernador-que-cortes-de-agua-y-luz-no-son-su-culpa\/","title":{"rendered":"ASEGURA GOBERNADOR QUE CORTES DE AGUA Y LUZ NO SON SU CULPA"},"content":{"rendered":"<p>Por Iram Hern\u00e1ndez ABC NOTICIAS.<\/p>\n<p>Monterrey. &#8211; Pese a \u201ctronar\u201d durante el Nuevo Le\u00f3n informa que \u00e9l como su esposa la titular de Amar a Nuevo Le\u00f3n, Mariana Rodr\u00edguez y trabajadores de Agua y Drenaje, han sido blanco de \u201cmentadas\u201d, el gobernador Samuel Garc\u00eda dijo \u201caguantar vara\u201d y trabajar en soluciones a la crisis del agua.<\/p>\n<p>El Ejecutivo Estatal coment\u00f3 que en los \u00faltimos d\u00edas ha recibido reclamos y &#8220;mentadas de madre&#8221; tambi\u00e9n por temas ajenos a sus atribuciones, como por apagones, as\u00ed como por el reciente aumento en los contagios de Covid.<\/p>\n<p>&#8220;Ayer me mandan, primero sin agua, y ahora sin luz, y no les quiero mostrar la siguiente historia porque me mientan la madre, pero sabroso: &#8216;Inga tu madre, Samuel&#8217;&#8230; yo aguanto vara porque s\u00e9 que vamos a arreglar esto y s\u00e9 que no es nuestra culpa&#8221;, expres\u00f3.<\/p>\n<p>Al mostrar unas gr\u00e1ficas sobre las acciones aplicadas, el mandatario declar\u00f3; &#8220;(Pero) ah\u00ed est\u00e1 El Bronco, ah\u00ed est\u00e1 al que le deben mentar la madre. Pero no pasa nada, aguantamos vara\u201d.<\/p>\n<p>&#8220;Es muy importante que la ciudadan\u00eda haga su parte y, si va a se\u00f1alar, que se\u00f1ale bien, porque ahora resulta que tambi\u00e9n es mi culpa si no hay luz. Ahora la mentada de madre tambi\u00e9n me llega porque no hay luz, como si yo manejo CFE&#8230; y resulta que la mentada de madre es porque no hay agua, como si a m\u00ed me toca el abasto del agua&#8230; \u00a1Pues no, se\u00f1ores!, el abasto del agua le toca a Conagua&#8230; a AyD le toca organizar la distribuci\u00f3n, \u00bfpero \u00bfqu\u00e9 distribuye, si no hay agua?&#8221;.<\/p>\n<p>Asimismo, indic\u00f3 que los empleados de AyD tambi\u00e9n han sido apedreados cuando llevan tinacos comunitarios, incluso dijo al director de la paraestatal, Juan Ignacio Barrag\u00e1n que deber\u00edan ofrecerles un bono y pidi\u00f3 a la ciudadan\u00eda estar m\u00e1s informada.<\/p>\n<p>Tambi\u00e9n insisti\u00f3 en que Mariana Rodr\u00edguez, tambi\u00e9n ha recibido insultos por el panorama que enfrenta la entidad: &#8220;Es m\u00e1s, mi esposa, que ni es funcionaria, no tiene cargo, no tiene sueldo, no tiene nombramiento&#8230; todos los d\u00edas le mientan la madre, que por su culpa no hay agua&#8230; \u00a1Mariana!, tiene 26 a\u00f1os&#8221;, concluy\u00f3.<\/p>\n","protected":false},"excerpt":{"rendered":"<p>Por Iram Hern\u00e1ndez ABC NOTICIAS. Monterrey. &#8211; Pese a \u201ctronar\u201d durante el Nuevo Le\u00f3n informa que \u00e9l como su esposa la titular de Amar a Nuevo Le\u00f3n, Mariana Rodr\u00edguez y trabajadores de Agua y Drenaje, han sido blanco de \u201cmentadas\u201d, el gobernador Samuel Garc\u00eda dijo \u201caguantar vara\u201d y trabajar en soluciones a la crisis del [&hellip;]<\/p>\n","protected":false},"author":9,"featured_media":29661,"comment_status":"closed","ping_status":"closed","sticky":false,"template":"","format":"standard","meta":{"footnotes":""},"categories":[15],"tags":[4319],"class_list":["post-29660","post","type-post","status-publish","format-standard","has-post-thumbnail","hentry","category-estado","tag-agua"],"_links":{"self":[{"href":"https:\/\/laultimapalabra.com.mx\/portal\/wp-json\/wp\/v2\/posts\/29660","targetHints":{"allow":["GET"]}}],"collection":[{"href":"https:\/\/laultimapalabra.com.mx\/portal\/wp-json\/wp\/v2\/posts"}],"about":[{"href":"https:\/\/laultimapalabra.com.mx\/portal\/wp-json\/wp\/v2\/types\/post"}],"author":[{"embeddable":true,"href":"https:\/\/laultimapalabra.com.mx\/portal\/wp-json\/wp\/v2\/users\/9"}],"replies":[{"embeddable":true,"href":"https:\/\/laultimapalabra.com.mx\/portal\/wp-json\/wp\/v2\/comments?post=29660"}],"version-history":[{"count":2,"href":"https:\/\/laultimapalabra.com.mx\/portal\/wp-json\/wp\/v2\/posts\/29660\/revisions"}],"predecessor-version":[{"id":76953,"href":"https:\/\/laultimapalabra.com.mx\/portal\/wp-json\/wp\/v2\/posts\/29660\/revisions\/76953"}],"wp:featuredmedia":[{"embeddable":true,"href":"https:\/\/laultimapalabra.com.mx\/portal\/wp-json\/wp\/v2\/media\/29661"}],"wp:attachment":[{"href":"https:\/\/laultimapalabra.com.mx\/portal\/wp-json\/wp\/v2\/media?parent=29660"}],"wp:term":[{"taxonomy":"category","embeddable":true,"href":"https:\/\/laultimapalabra.com.mx\/portal\/wp-json\/wp\/v2\/categories?post=29660"},{"taxonomy":"post_tag","embeddable":true,"href":"https:\/\/laultimapalabra.com.mx\/portal\/wp-json\/wp\/v2\/tags?post=29660"}],"curies":[{"name":"wp","href":"https:\/\/api.w.org\/{rel}","templated":true}]}}