                       {"id":29690,"date":"2022-06-10T13:42:51","date_gmt":"2022-06-10T19:42:51","guid":{"rendered":"https:\/\/laultimapalabra.com.mx\/portal\/?p=29690"},"modified":"2024-12-11T10:35:50","modified_gmt":"2024-12-11T16:35:50","slug":"recuperan-taxi-robado-en-cadereyta","status":"publish","type":"post","link":"https:\/\/laultimapalabra.com.mx\/portal\/recuperan-taxi-robado-en-cadereyta\/","title":{"rendered":"Recuperan taxi robado en Cadereyta"},"content":{"rendered":"<p>Cadereyta Jim\u00e9nez, N.L.- Tras el reporte del robo de un taxi en la colonia Alberos, elementos de La Secretar\u00eda de Seguridad P\u00fablica de Cadereyta recuperaron un vehiculo Marca Nissan, tipo Tsuru, en color Blanco con amarillo en la misma colonia.<\/p>\n<p><img loading=\"lazy\" decoding=\"async\" class=\"alignnone size-medium wp-image-29692\" src=\"https:\/\/laultimapalabra.com.mx\/portal\/wp-content\/uploads\/2022\/06\/IMG-20220610-WA0077-300x300.jpg\" alt=\"\" width=\"300\" height=\"300\" srcset=\"https:\/\/laultimapalabra.com.mx\/portal\/wp-content\/uploads\/2022\/06\/IMG-20220610-WA0077-300x300.jpg 300w, https:\/\/laultimapalabra.com.mx\/portal\/wp-content\/uploads\/2022\/06\/IMG-20220610-WA0077-1024x1024.jpg 1024w, https:\/\/laultimapalabra.com.mx\/portal\/wp-content\/uploads\/2022\/06\/IMG-20220610-WA0077-150x150.jpg 150w, https:\/\/laultimapalabra.com.mx\/portal\/wp-content\/uploads\/2022\/06\/IMG-20220610-WA0077-768x768.jpg 768w, https:\/\/laultimapalabra.com.mx\/portal\/wp-content\/uploads\/2022\/06\/IMG-20220610-WA0077.jpg 1080w\" sizes=\"auto, (max-width: 300px) 100vw, 300px\" \/><\/p>\n<p>Siendo \u00e9ste localizado por los efectivos sobre la Calle Escoberos cruce con \u00c9banos donde al momento de verificar las placas, confirmaron por la Central de Radio que se trataba del veh\u00edculo que minutos antes hab\u00eda sido robado con violencia; por lo que se contact\u00f3 al conductor y propietario del veh\u00edculo y se apoy\u00f3 en el traslad\u00f3 al Centro de orientaci\u00f3n y Denuncia en turno para poder levantar la Querella correspondiente.<\/p>\n<p><img loading=\"lazy\" decoding=\"async\" class=\"alignnone size-medium wp-image-29693\" src=\"https:\/\/laultimapalabra.com.mx\/portal\/wp-content\/uploads\/2022\/06\/IMG-20220610-WA0075-300x300.jpg\" alt=\"\" width=\"300\" height=\"300\" srcset=\"https:\/\/laultimapalabra.com.mx\/portal\/wp-content\/uploads\/2022\/06\/IMG-20220610-WA0075-300x300.jpg 300w, https:\/\/laultimapalabra.com.mx\/portal\/wp-content\/uploads\/2022\/06\/IMG-20220610-WA0075-1024x1024.jpg 1024w, https:\/\/laultimapalabra.com.mx\/portal\/wp-content\/uploads\/2022\/06\/IMG-20220610-WA0075-150x150.jpg 150w, https:\/\/laultimapalabra.com.mx\/portal\/wp-content\/uploads\/2022\/06\/IMG-20220610-WA0075-768x768.jpg 768w, https:\/\/laultimapalabra.com.mx\/portal\/wp-content\/uploads\/2022\/06\/IMG-20220610-WA0075.jpg 1080w\" sizes=\"auto, (max-width: 300px) 100vw, 300px\" \/><\/p>\n","protected":false},"excerpt":{"rendered":"<p>Cadereyta Jim\u00e9nez, N.L.- Tras el reporte del robo de un taxi en la colonia Alberos, elementos de La Secretar\u00eda de Seguridad P\u00fablica de Cadereyta recuperaron un vehiculo Marca Nissan, tipo Tsuru, en color Blanco con amarillo en la misma colonia. Siendo \u00e9ste localizado por los efectivos sobre la Calle Escoberos cruce con \u00c9banos donde al [&hellip;]<\/p>\n","protected":false},"author":9,"featured_media":29691,"comment_status":"closed","ping_status":"closed","sticky":false,"template":"","format":"standard","meta":{"footnotes":""},"categories":[1],"tags":[2016],"class_list":["post-29690","post","type-post","status-publish","format-standard","has-post-thumbnail","hentry","category-noticias","tag-robo"],"_links":{"self":[{"href":"https:\/\/laultimapalabra.com.mx\/portal\/wp-json\/wp\/v2\/posts\/29690","targetHints":{"allow":["GET"]}}],"collection":[{"href":"https:\/\/laultimapalabra.com.mx\/portal\/wp-json\/wp\/v2\/posts"}],"about":[{"href":"https:\/\/laultimapalabra.com.mx\/portal\/wp-json\/wp\/v2\/types\/post"}],"author":[{"embeddable":true,"href":"https:\/\/laultimapalabra.com.mx\/portal\/wp-json\/wp\/v2\/users\/9"}],"replies":[{"embeddable":true,"href":"https:\/\/laultimapalabra.com.mx\/portal\/wp-json\/wp\/v2\/comments?post=29690"}],"version-history":[{"count":2,"href":"https:\/\/laultimapalabra.com.mx\/portal\/wp-json\/wp\/v2\/posts\/29690\/revisions"}],"predecessor-version":[{"id":76963,"href":"https:\/\/laultimapalabra.com.mx\/portal\/wp-json\/wp\/v2\/posts\/29690\/revisions\/76963"}],"wp:featuredmedia":[{"embeddable":true,"href":"https:\/\/laultimapalabra.com.mx\/portal\/wp-json\/wp\/v2\/media\/29691"}],"wp:attachment":[{"href":"https:\/\/laultimapalabra.com.mx\/portal\/wp-json\/wp\/v2\/media?parent=29690"}],"wp:term":[{"taxonomy":"category","embeddable":true,"href":"https:\/\/laultimapalabra.com.mx\/portal\/wp-json\/wp\/v2\/categories?post=29690"},{"taxonomy":"post_tag","embeddable":true,"href":"https:\/\/laultimapalabra.com.mx\/portal\/wp-json\/wp\/v2\/tags?post=29690"}],"curies":[{"name":"wp","href":"https:\/\/api.w.org\/{rel}","templated":true}]}}