                       {"id":29696,"date":"2022-06-10T15:08:28","date_gmt":"2022-06-10T21:08:28","guid":{"rendered":"https:\/\/laultimapalabra.com.mx\/portal\/?p=29696"},"modified":"2024-12-11T10:35:50","modified_gmt":"2024-12-11T16:35:50","slug":"estado-toma-control-de-altan-redes-para-llevar-internet-a-todo-el-pais","status":"publish","type":"post","link":"https:\/\/laultimapalabra.com.mx\/portal\/estado-toma-control-de-altan-redes-para-llevar-internet-a-todo-el-pais\/","title":{"rendered":"ESTADO TOMA CONTROL DE ALT\u00c1N REDES PARA LLEVAR INTERNET A TODO EL PA\u00cdS"},"content":{"rendered":"<p>Huatulco, Oax. El Estado mexicano se hizo del control de Alt\u00e1n Redes, empresa encargada del proyecto de la Red Compartida, cuya infraestructura es elemental para el plan de llevar internet a todas las poblaciones del pa\u00eds, anunci\u00f3 hoy el presidente Andr\u00e9s Manuel L\u00f3pez Obrador.<\/p>\n<p><img loading=\"lazy\" decoding=\"async\" class=\"alignnone size-medium wp-image-29698\" src=\"https:\/\/laultimapalabra.com.mx\/portal\/wp-content\/uploads\/2022\/06\/IMG-20220610-WA0079-300x207.jpg\" alt=\"\" width=\"300\" height=\"207\" srcset=\"https:\/\/laultimapalabra.com.mx\/portal\/wp-content\/uploads\/2022\/06\/IMG-20220610-WA0079-300x207.jpg 300w, https:\/\/laultimapalabra.com.mx\/portal\/wp-content\/uploads\/2022\/06\/IMG-20220610-WA0079.jpg 467w\" sizes=\"auto, (max-width: 300px) 100vw, 300px\" \/><\/p>\n<p>La empresa recibi\u00f3 el sexenio pasado la concesi\u00f3n de la Red Compartida, creada luego de las reformas constitucionales en materia de telecomunicaciones de 2014, que ten\u00eda como objetivo llevar el servicio de internet y telefon\u00eda celular, a precios accesibles, a las zonas donde no llega la cobertura de las empresas comerciales de fibra \u00f3ptica<img loading=\"lazy\" decoding=\"async\" class=\"alignnone size-medium wp-image-29699\" src=\"https:\/\/laultimapalabra.com.mx\/portal\/wp-content\/uploads\/2022\/06\/IMG-20220610-WA0078-300x300.jpg\" alt=\"\" width=\"300\" height=\"300\" srcset=\"https:\/\/laultimapalabra.com.mx\/portal\/wp-content\/uploads\/2022\/06\/IMG-20220610-WA0078-300x300.jpg 300w, https:\/\/laultimapalabra.com.mx\/portal\/wp-content\/uploads\/2022\/06\/IMG-20220610-WA0078-150x150.jpg 150w, https:\/\/laultimapalabra.com.mx\/portal\/wp-content\/uploads\/2022\/06\/IMG-20220610-WA0078.jpg 406w\" sizes=\"auto, (max-width: 300px) 100vw, 300px\" \/><\/p>\n<p>\u201cEstaba en una situaci\u00f3n financiera delicada\u201d, dijo este viernes el presidente Andr\u00e9s Manuel L\u00f3pez Obrador, al anunciar que el gobierno federal inyect\u00f3 capital a Alt\u00e1n Redes, con lo que \u201cel Estado mexicano ya es socio mayoritario y tiene la direcci\u00f3n y la administraci\u00f3n de la empresa\u201d.<\/p>\n<p>Desde el a\u00f1o pasado, Alt\u00e1n Redes estaba en concurso mercantil. Esta semana este diario public\u00f3 que la empresa se encontraba en riesgo de seguir operando, seg\u00fan el auditor externo que revis\u00f3 su situaci\u00f3n financiera.<\/p>\n<p>L\u00f3pez Obrador dijo que con la inversi\u00f3n -cuyo monto no especific\u00f3- se conseguir\u00e1 \u201ctener internet en todos los pueblos, internet gratuito en plazas p\u00fablicas, escuelas, hospitales y todos los sitios de inter\u00e9s colectivo\u201d.<\/p>\n<p>A\u00f1adi\u00f3 que el acuerdo se firm\u00f3 el jueves y que la Secretar\u00eda de Hacienda dar\u00e1 un informe t\u00e9cnico al respecto.<\/p>\n<p>Con informaci\u00f3n de La Jornada.<\/p>\n","protected":false},"excerpt":{"rendered":"<p>Huatulco, Oax. El Estado mexicano se hizo del control de Alt\u00e1n Redes, empresa encargada del proyecto de la Red Compartida, cuya infraestructura es elemental para el plan de llevar internet a todas las poblaciones del pa\u00eds, anunci\u00f3 hoy el presidente Andr\u00e9s Manuel L\u00f3pez Obrador. La empresa recibi\u00f3 el sexenio pasado la concesi\u00f3n de la Red [&hellip;]<\/p>\n","protected":false},"author":9,"featured_media":29697,"comment_status":"closed","ping_status":"closed","sticky":false,"template":"","format":"standard","meta":{"footnotes":""},"categories":[19],"tags":[124],"class_list":["post-29696","post","type-post","status-publish","format-standard","has-post-thumbnail","hentry","category-nacional","tag-amlo"],"_links":{"self":[{"href":"https:\/\/laultimapalabra.com.mx\/portal\/wp-json\/wp\/v2\/posts\/29696","targetHints":{"allow":["GET"]}}],"collection":[{"href":"https:\/\/laultimapalabra.com.mx\/portal\/wp-json\/wp\/v2\/posts"}],"about":[{"href":"https:\/\/laultimapalabra.com.mx\/portal\/wp-json\/wp\/v2\/types\/post"}],"author":[{"embeddable":true,"href":"https:\/\/laultimapalabra.com.mx\/portal\/wp-json\/wp\/v2\/users\/9"}],"replies":[{"embeddable":true,"href":"https:\/\/laultimapalabra.com.mx\/portal\/wp-json\/wp\/v2\/comments?post=29696"}],"version-history":[{"count":2,"href":"https:\/\/laultimapalabra.com.mx\/portal\/wp-json\/wp\/v2\/posts\/29696\/revisions"}],"predecessor-version":[{"id":76967,"href":"https:\/\/laultimapalabra.com.mx\/portal\/wp-json\/wp\/v2\/posts\/29696\/revisions\/76967"}],"wp:featuredmedia":[{"embeddable":true,"href":"https:\/\/laultimapalabra.com.mx\/portal\/wp-json\/wp\/v2\/media\/29697"}],"wp:attachment":[{"href":"https:\/\/laultimapalabra.com.mx\/portal\/wp-json\/wp\/v2\/media?parent=29696"}],"wp:term":[{"taxonomy":"category","embeddable":true,"href":"https:\/\/laultimapalabra.com.mx\/portal\/wp-json\/wp\/v2\/categories?post=29696"},{"taxonomy":"post_tag","embeddable":true,"href":"https:\/\/laultimapalabra.com.mx\/portal\/wp-json\/wp\/v2\/tags?post=29696"}],"curies":[{"name":"wp","href":"https:\/\/api.w.org\/{rel}","templated":true}]}}