                       {"id":29746,"date":"2022-06-12T08:54:31","date_gmt":"2022-06-12T14:54:31","guid":{"rendered":"https:\/\/laultimapalabra.com.mx\/portal\/?p=29746"},"modified":"2024-12-11T10:35:50","modified_gmt":"2024-12-11T16:35:50","slug":"instalan-tanques-de-10-mil-litros-de-agua-en-colonias-mas-necesitadas","status":"publish","type":"post","link":"https:\/\/laultimapalabra.com.mx\/portal\/instalan-tanques-de-10-mil-litros-de-agua-en-colonias-mas-necesitadas\/","title":{"rendered":"Instalan tanques de 10 mil litros de agua en colonias m\u00e1s necesitadas"},"content":{"rendered":"<p><span style=\"font-size: 1rem;\">Ju\u00e1rez, N.L.-<\/span><span style=\"font-size: 1rem;\">Como una medida emergente a la crisis por la falta de agua que se vive en en el \u00e1rea metropolitana, el Municipio de Ju\u00e1rez ha comenzado a instalar tanques con capacidad de 10 mil litros para abastecer a los habitantes de los sectores m\u00e1s afectados de esta localidad.<\/span><\/p>\n<p><img loading=\"lazy\" decoding=\"async\" class=\"alignnone size-medium wp-image-29748\" src=\"https:\/\/laultimapalabra.com.mx\/portal\/wp-content\/uploads\/2022\/06\/IMG_4799-200x300.jpg\" alt=\"\" width=\"200\" height=\"300\" srcset=\"https:\/\/laultimapalabra.com.mx\/portal\/wp-content\/uploads\/2022\/06\/IMG_4799-200x300.jpg 200w, https:\/\/laultimapalabra.com.mx\/portal\/wp-content\/uploads\/2022\/06\/IMG_4799-683x1024.jpg 683w, https:\/\/laultimapalabra.com.mx\/portal\/wp-content\/uploads\/2022\/06\/IMG_4799-768x1152.jpg 768w, https:\/\/laultimapalabra.com.mx\/portal\/wp-content\/uploads\/2022\/06\/IMG_4799-1024x1536.jpg 1024w, https:\/\/laultimapalabra.com.mx\/portal\/wp-content\/uploads\/2022\/06\/IMG_4799-1365x2048.jpg 1365w, https:\/\/laultimapalabra.com.mx\/portal\/wp-content\/uploads\/2022\/06\/IMG_4799-scaled.jpg 1707w\" sizes=\"auto, (max-width: 200px) 100vw, 200px\" \/><\/p>\n<p>El Alcalde Francisco Trevi\u00f1o Cant\u00fa inform\u00f3 que esta forma de abastecimiento a la poblaci\u00f3n se est\u00e1 llevando a cabo en coordinaci\u00f3n con Agua y Drenaje de Monterrey, que los apoyar\u00e1 en el llenado de agua a los tanques para que los vecinos acudan a surtirse.<br \/>\nEn el arranque de este programa se instalaron tanques en las colonias Bosques de San Pedro, Los Valles, Los Cometas, Bur\u00f3cratas Municipales y Colinas Segundo Sector, donde vecinos del lugar y de colonias aleda\u00f1as se acercaron de inmediato con cubetas y botes para abastecerse de agua, ya que muchos tienen d\u00edas sin este servicio en sus domicilios.<br \/>\nEste domingo tambi\u00e9n se instalar\u00e1n tanques de 10 mil litros de capacidad en Colinas Cuarto Sector, Los Puertos, Valle de Vaquer\u00edas, Vistas del R\u00edo y Monte Verde.<br \/>\n&#8220;Estos primeros 10 (tanques) se ubican en las colonias donde m\u00e1s problem\u00e1tica (de falta de agua) se ha presentado, y en caso de agravarse m\u00e1s la situaci\u00f3n ampliaremos a m\u00e1s colonias este servicio.\u00a0 Acabo de girar instrucciones al Tesorero y al Secretario de Servicios P\u00fablicos para que la siguiente semana tengamos a la mano cinco m\u00e1s para instalarlos donde se ofrezca&#8221;, inform\u00f3 Trevi\u00f1o Cant\u00fa.<br \/>\nSe\u00f1al\u00f3 que desde el inicio de la crisis por la falta de agua, el Municipio de Ju\u00e1rez empez\u00f3 a trabajar con pipas, y lo sigue haciendo, para surtir a los sectores que solicitan el suministro del l\u00edquido, incluso se han habilitado camionetas pick up con tanques de mil litros para utilizarlas como &#8220;unidades de reacci\u00f3n r\u00e1pida&#8221; ante las llamadas de urgencia de juarenses que carecen totalmente de agua.<br \/>\nEn relaci\u00f3n a los tanques que se est\u00e1n instalando en varias colonias, el Alcalde hizo un llamado a la ciudadan\u00eda para que se conduzca con moderaci\u00f3n al acudir a surtir agua.<br \/>\n&#8220;Hago un llamado para que vengan los vecinos aqu\u00ed de estas colonias a surtirse de agua&#8230; Y sobre todo tambi\u00e9n haci\u00e9ndoles conciencia de que tomen lo necesario, lo b\u00e1sico para que sean m\u00e1s familias las que alcancen&#8221;, expres\u00f3 Trevi\u00f1o Cant\u00fa.<\/p>\n","protected":false},"excerpt":{"rendered":"<p>Ju\u00e1rez, N.L.-Como una medida emergente a la crisis por la falta de agua que se vive en en el \u00e1rea metropolitana, el Municipio de Ju\u00e1rez ha comenzado a instalar tanques con capacidad de 10 mil litros para abastecer a los habitantes de los sectores m\u00e1s afectados de esta localidad. El Alcalde Francisco Trevi\u00f1o Cant\u00fa inform\u00f3 [&hellip;]<\/p>\n","protected":false},"author":7,"featured_media":29747,"comment_status":"closed","ping_status":"closed","sticky":false,"template":"","format":"standard","meta":{"footnotes":""},"categories":[18],"tags":[1037,1355,4388],"class_list":["post-29746","post","type-post","status-publish","format-standard","has-post-thumbnail","hentry","category-locales-juarez","tag-falta-de-agua-2","tag-juarez","tag-tinacos"],"_links":{"self":[{"href":"https:\/\/laultimapalabra.com.mx\/portal\/wp-json\/wp\/v2\/posts\/29746","targetHints":{"allow":["GET"]}}],"collection":[{"href":"https:\/\/laultimapalabra.com.mx\/portal\/wp-json\/wp\/v2\/posts"}],"about":[{"href":"https:\/\/laultimapalabra.com.mx\/portal\/wp-json\/wp\/v2\/types\/post"}],"author":[{"embeddable":true,"href":"https:\/\/laultimapalabra.com.mx\/portal\/wp-json\/wp\/v2\/users\/7"}],"replies":[{"embeddable":true,"href":"https:\/\/laultimapalabra.com.mx\/portal\/wp-json\/wp\/v2\/comments?post=29746"}],"version-history":[{"count":3,"href":"https:\/\/laultimapalabra.com.mx\/portal\/wp-json\/wp\/v2\/posts\/29746\/revisions"}],"predecessor-version":[{"id":76993,"href":"https:\/\/laultimapalabra.com.mx\/portal\/wp-json\/wp\/v2\/posts\/29746\/revisions\/76993"}],"wp:featuredmedia":[{"embeddable":true,"href":"https:\/\/laultimapalabra.com.mx\/portal\/wp-json\/wp\/v2\/media\/29747"}],"wp:attachment":[{"href":"https:\/\/laultimapalabra.com.mx\/portal\/wp-json\/wp\/v2\/media?parent=29746"}],"wp:term":[{"taxonomy":"category","embeddable":true,"href":"https:\/\/laultimapalabra.com.mx\/portal\/wp-json\/wp\/v2\/categories?post=29746"},{"taxonomy":"post_tag","embeddable":true,"href":"https:\/\/laultimapalabra.com.mx\/portal\/wp-json\/wp\/v2\/tags?post=29746"}],"curies":[{"name":"wp","href":"https:\/\/api.w.org\/{rel}","templated":true}]}}