                       {"id":2989,"date":"2018-08-17T00:31:37","date_gmt":"2018-08-17T00:31:37","guid":{"rendered":"http:\/\/laultimapalabra.info\/?p=2989"},"modified":"2024-12-11T08:37:24","modified_gmt":"2024-12-11T14:37:24","slug":"esperan-que-amlo-prohiba-el-fracking","status":"publish","type":"post","link":"https:\/\/laultimapalabra.com.mx\/portal\/esperan-que-amlo-prohiba-el-fracking\/","title":{"rendered":"Esperan que AMLO proh\u00edba el Fracking"},"content":{"rendered":"<p style=\"text-align: justify;\"><img loading=\"lazy\" decoding=\"async\" class=\"size-medium wp-image-2990 alignleft\" src=\"https:\/\/laultimapalabra.com.mx\/portal\/wp-content\/uploads\/2018\/08\/1-copia-220x300.jpg\" alt=\"\" width=\"220\" height=\"300\" \/>\u201cComo grupo de trabajo lo vemos como una buena noticia, pero hasta ah\u00ed..\u201d: Antonio Hern\u00e1ndez.<\/p>\n<p style=\"text-align: justify;\">Miguel Oscar P\u00e9rez<br \/>\nCADEREYTA JIM\u00c9NEZ, N.L.<br \/>\nEl conocido ambientalista Antonio Hern\u00e1ndez aplaudi\u00f3 el pronunciamiento del actual presidente electo Andr\u00e9s Manuel L\u00f3pez Obrador, en el sentido de que en el siguiente sexenio que est\u00e1 por iniciar se prohibir\u00e1 el uso del sistema \u201cFracking\u201d que tanto da\u00f1o causa al medio ambiente y sobre todo a los mantos acu\u00edferos y pozos de agua para consumo humano.<br \/>\n\u201cNosotros como grupo de trabajo recibimos de buen modo la declaraci\u00f3n de Andr\u00e9s Manuel L\u00f3pez Obrador, lo que har\u00eda falta es que se traduzca en actos de gobierno\u201d, manifest\u00f3.<br \/>\nAcept\u00f3 que la declaratoria no es una promesa de campa\u00f1a, pero si se hizo p\u00fablica en tres medios informativos de alcance nacional, y no fue desmentida por el presidente electo.<br \/>\n\u201cEs decir por ejemplo una ley que proh\u00edba la fractura hidr\u00e1ulica o que se proh\u00edba el uso de agua en proyectos de fractura hidr\u00e1ulica\u201d, se\u00f1al\u00f3 el conocido ambientalista integrante del grupo de Defensa de la Madre Tierra, sector ecologista que denunci\u00f3 p\u00fablicamente la amenaza que se cierne sobre m\u00e1s de 100 comunidades de Cadereyta por el \u201cFracking\u201d.<br \/>\n\u00bfUstedes le creen al nuevo Presidente electo? Se le cuestion\u00f3 en entrevista telef\u00f3nica.<br \/>\n\u201cComo grupo de trabajo lo vemos como una buena noticia, pero hasta ah\u00ed; reconoceremos lo positivo del anuncio hasta que se traduzca en actos de gobierno\u201d, mencion\u00f3 el f\u00e9rreo defensor del medio ambiente.<br \/>\nDijo adem\u00e1s que de los da\u00f1os del \u201cFracking\u201d cerca de Cadereyta hay antecedentes, ya que en Los Ramones se explotaron dos pozos con ese m\u00e9todo que consiste en inyecci\u00f3n de millones de litros de agua con qu\u00edmicos altamente contaminantes para fracturar las placas de rocas en el subsuelo.<br \/>\nMencion\u00f3 que los pozos Nerita y el Tangram 1, provocaron sismicidad en la zona y contaminaci\u00f3n en los pozos de agua que utilizan algunas comunidades como el Carrizo y La Conquista<br \/>\nPara concluir, aconsej\u00f3 a los jimenenses que pueden ser afectados por este tipo de proyectos que los rechacen y no permitan que entren las empresas a sus comunidades.<\/p>\n","protected":false},"excerpt":{"rendered":"<p>\u201cComo grupo de trabajo lo vemos como una buena noticia, pero hasta ah\u00ed..\u201d: Antonio Hern\u00e1ndez. Miguel Oscar P\u00e9rez CADEREYTA JIM\u00c9NEZ, N.L. El conocido ambientalista Antonio Hern\u00e1ndez aplaudi\u00f3 el pronunciamiento del actual presidente electo Andr\u00e9s Manuel L\u00f3pez Obrador, en el sentido de que en el siguiente sexenio que est\u00e1 por iniciar se prohibir\u00e1 el uso del [&hellip;]<\/p>\n","protected":false},"author":9,"featured_media":2991,"comment_status":"open","ping_status":"closed","sticky":false,"template":"","format":"standard","meta":{"footnotes":""},"categories":[17],"tags":[124,1098],"class_list":["post-2989","post","type-post","status-publish","format-standard","has-post-thumbnail","hentry","category-locales-cadereyta","tag-amlo","tag-fracking"],"_links":{"self":[{"href":"https:\/\/laultimapalabra.com.mx\/portal\/wp-json\/wp\/v2\/posts\/2989","targetHints":{"allow":["GET"]}}],"collection":[{"href":"https:\/\/laultimapalabra.com.mx\/portal\/wp-json\/wp\/v2\/posts"}],"about":[{"href":"https:\/\/laultimapalabra.com.mx\/portal\/wp-json\/wp\/v2\/types\/post"}],"author":[{"embeddable":true,"href":"https:\/\/laultimapalabra.com.mx\/portal\/wp-json\/wp\/v2\/users\/9"}],"replies":[{"embeddable":true,"href":"https:\/\/laultimapalabra.com.mx\/portal\/wp-json\/wp\/v2\/comments?post=2989"}],"version-history":[{"count":1,"href":"https:\/\/laultimapalabra.com.mx\/portal\/wp-json\/wp\/v2\/posts\/2989\/revisions"}],"predecessor-version":[{"id":64623,"href":"https:\/\/laultimapalabra.com.mx\/portal\/wp-json\/wp\/v2\/posts\/2989\/revisions\/64623"}],"wp:featuredmedia":[{"embeddable":true,"href":"https:\/\/laultimapalabra.com.mx\/portal\/wp-json\/"}],"wp:attachment":[{"href":"https:\/\/laultimapalabra.com.mx\/portal\/wp-json\/wp\/v2\/media?parent=2989"}],"wp:term":[{"taxonomy":"category","embeddable":true,"href":"https:\/\/laultimapalabra.com.mx\/portal\/wp-json\/wp\/v2\/categories?post=2989"},{"taxonomy":"post_tag","embeddable":true,"href":"https:\/\/laultimapalabra.com.mx\/portal\/wp-json\/wp\/v2\/tags?post=2989"}],"curies":[{"name":"wp","href":"https:\/\/api.w.org\/{rel}","templated":true}]}}