                       {"id":300,"date":"2018-02-15T23:10:20","date_gmt":"2018-02-15T23:10:20","guid":{"rendered":"http:\/\/laultimapalabra.info\/?p=300"},"modified":"2024-12-11T08:36:56","modified_gmt":"2024-12-11T14:36:56","slug":"espectacular-carrera-de-ciclismo-de-montana-en-cadereyta","status":"publish","type":"post","link":"https:\/\/laultimapalabra.com.mx\/portal\/espectacular-carrera-de-ciclismo-de-montana-en-cadereyta\/","title":{"rendered":"Espectacular carrera de Ciclismo de Monta\u00f1a en Cadereyta"},"content":{"rendered":"<p style=\"text-align: justify;\"><img loading=\"lazy\" decoding=\"async\" class=\"size-medium wp-image-301 alignright\" src=\"https:\/\/laultimapalabra.com.mx\/portal\/wp-content\/uploads\/2018\/02\/IMG-20180211-WA0034-225x300.jpg\" alt=\"\" width=\"225\" height=\"300\" \/>Cadereyta Jim\u00e9nez, N. L.- Por quinto a\u00f1o consecutivo la Liga de Ciclismo de Monta\u00f1a de Nuevo Le\u00f3n toma como sede a Cadereyta para llevar a cabo uno de sus maratones del serial de Bike Marat\u00f3n 2018 el pasado domingo 11 de febrero. El equipo anfitri\u00f3n de esta segunda etapa del serial fue el Club de Ciclismo Titanes a esta competencia acudieron los mejores ciclistas del Estado entre los que destacan el Ex ol\u00edmpico y Triatleta Francisco Serrano Plowells y Jezel Alan\u00eds este \u00faltimo ganador indiscutible el a\u00f1o pasado en el Wirikuta Bike en Real de Catorce y muchos m\u00e1s. La salida se dio a las 08:00 AM, El \u00e1rea de y meta se ubic\u00f3 como en otros a\u00f1os en el predio que est\u00e1 a un lado del Deportivo de la Secci\u00f3n 49 de Pemex.<br \/>\nEn representaci\u00f3n del Alcalde Dr. Santiago Preciado Robles, la Directora de Deportes Rosa Mar\u00eda Adam dirigi\u00f3 emotivas palabras a los participantes, posteriormente procedi\u00f3 a dar el banderazo de salida arrancando a toda velocidad los 600 ciclistas que tomaron la meta ese d\u00eda, el clima fue estupendo, soleado pero fresco y h\u00famedo esto permiti\u00f3 que las 4 pistas estuvieran en mejores condiciones de rodamiento claro que hab\u00eda lodo y algunas lagunas en algunos puntos que los ciclistas sortearon de la mejor manera. El reglamento contempla 30 categor\u00edas las cuales se dividen en 4 grupos con diferente distancia para cada uno de ellos de acuerdo a su destreza y edad, las distancias para cada grupo del 1 al 4 fueron 75, 65, 46 y 40 respectivamente, cabe mencionar que algunos tramos de la pista fueron erosionados por las fuertes lluvias que se presentaron el a\u00f1o pasado. Nos visitaron equipos de Guadalupe, santa Catarina, Apodaca, San Nicol\u00e1s, Escobedo, Allende, Saltillo, Galeana, Iturbide, Montemorelos, Linares, Torre\u00f3n, Nuevo Laredo y Mission Texas. Se premi\u00f3 con trofeo los primeros 5 lugares de cada categor\u00eda y a todos se les dio una bonita medalla de participaci\u00f3n la carrera transcurri\u00f3 sin accidentes graves solo los de siempre, escoriaciones y golpes en algunos ciclistas que tocaron el piso. El ganador indiscutible en la categor\u00eda estelar elite varonil fue para Paco Serrano del equipo 3Xtreme con un tiempo de 02:20:07 y en femenil elite Paulina Boj\u00f3rquez Castro, su tiempo fue 03:48:26, ambos en 75 km, por Titanes Cadereyta en master 60 el Ing. Ampelio De La Rosa cronometrando un tiempo de 01:59:32. Todos los resultados se pueden consultar en www.esport.mx, resaltar que en el marco de ese evento se dio dentro un gran ambiente familiar pues muchos de los ciclistas ven\u00edan con su familia. Solamente nos queda comentar y agradecer al Municipio, deportes, cruz verde, tr\u00e1nsito y vialidad, polic\u00eda y protecci\u00f3n civil por la cobertura y resguardo que dieron a los competidores a lo largo de las 4 pistas, para ellos nuestro reconocimiento.<br \/>\nDESAFIO DE TITANES PROXIMAMENTE<br \/>\nNo conforme con el evento del pasado domingo los Titanes de Cadereyta est\u00e1n preparando para el d\u00eda 24 y 25 de febrero un s\u00faper marat\u00f3n de ciclismo de monta\u00f1a al que han llamado Desaf\u00edo de Titanes en su 2da edici\u00f3n, es una carrera contra reloj de 240 km en 2 d\u00edas, meta inicial Cadereyta y meta final en La Presa Cerro Prieto en Linares, en la pr\u00f3xima edici\u00f3n daremos m\u00e1s detalles.<\/p>\n","protected":false},"excerpt":{"rendered":"<p>Cadereyta Jim\u00e9nez, N. L.- Por quinto a\u00f1o consecutivo la Liga de Ciclismo de Monta\u00f1a de Nuevo Le\u00f3n toma como sede a Cadereyta para llevar a cabo uno de sus maratones del serial de Bike Marat\u00f3n 2018 el pasado domingo 11 de febrero. El equipo anfitri\u00f3n de esta segunda etapa del serial fue el Club de [&hellip;]<\/p>\n","protected":false},"author":9,"featured_media":301,"comment_status":"open","ping_status":"closed","sticky":false,"template":"","format":"standard","meta":{"footnotes":""},"categories":[1],"tags":[1416],"class_list":["post-300","post","type-post","status-publish","format-standard","has-post-thumbnail","hentry","category-noticias","tag-liga-de-ciclismo-de-montana-de-nuevo-leon"],"_links":{"self":[{"href":"https:\/\/laultimapalabra.com.mx\/portal\/wp-json\/wp\/v2\/posts\/300","targetHints":{"allow":["GET"]}}],"collection":[{"href":"https:\/\/laultimapalabra.com.mx\/portal\/wp-json\/wp\/v2\/posts"}],"about":[{"href":"https:\/\/laultimapalabra.com.mx\/portal\/wp-json\/wp\/v2\/types\/post"}],"author":[{"embeddable":true,"href":"https:\/\/laultimapalabra.com.mx\/portal\/wp-json\/wp\/v2\/users\/9"}],"replies":[{"embeddable":true,"href":"https:\/\/laultimapalabra.com.mx\/portal\/wp-json\/wp\/v2\/comments?post=300"}],"version-history":[{"count":1,"href":"https:\/\/laultimapalabra.com.mx\/portal\/wp-json\/wp\/v2\/posts\/300\/revisions"}],"predecessor-version":[{"id":63223,"href":"https:\/\/laultimapalabra.com.mx\/portal\/wp-json\/wp\/v2\/posts\/300\/revisions\/63223"}],"wp:featuredmedia":[{"embeddable":true,"href":"https:\/\/laultimapalabra.com.mx\/portal\/wp-json\/"}],"wp:attachment":[{"href":"https:\/\/laultimapalabra.com.mx\/portal\/wp-json\/wp\/v2\/media?parent=300"}],"wp:term":[{"taxonomy":"category","embeddable":true,"href":"https:\/\/laultimapalabra.com.mx\/portal\/wp-json\/wp\/v2\/categories?post=300"},{"taxonomy":"post_tag","embeddable":true,"href":"https:\/\/laultimapalabra.com.mx\/portal\/wp-json\/wp\/v2\/tags?post=300"}],"curies":[{"name":"wp","href":"https:\/\/api.w.org\/{rel}","templated":true}]}}