                       {"id":303,"date":"2018-02-15T23:37:31","date_gmt":"2018-02-15T23:37:31","guid":{"rendered":"http:\/\/laultimapalabra.info\/?p=303"},"modified":"2024-12-11T08:36:56","modified_gmt":"2024-12-11T14:36:56","slug":"14-de-febrero-dia-de-san-valentin-los-novios-el-amor-la-amistad-y-los-comerciantes-tambien","status":"publish","type":"post","link":"https:\/\/laultimapalabra.com.mx\/portal\/14-de-febrero-dia-de-san-valentin-los-novios-el-amor-la-amistad-y-los-comerciantes-tambien\/","title":{"rendered":"14 de febrero, d\u00eda de San Valent\u00edn, los novios, el amor, la amistad y\u2026 los comerciantes tambi\u00e9n"},"content":{"rendered":"<p style=\"text-align: justify;\"><img loading=\"lazy\" decoding=\"async\" class=\"size-medium wp-image-305 aligncenter\" src=\"https:\/\/laultimapalabra.com.mx\/portal\/wp-content\/uploads\/2018\/02\/peluche-feliz-dia-amor-amistad-2013-300x142.jpg\" alt=\"\" width=\"300\" height=\"142\" \/>En M\u00e9xico como en muchos otros pa\u00edses del planeta se festejan algunas fechas para recordar hechos, honrar personajes, o bien como respuesta a las promociones que realizan quienes viven de sus ofertas: los comerciantes.<br \/>\nSeg\u00fan escritos anteriores de algunos historiadores, en nuestro Pa\u00eds se comenz\u00f3 a celebrar el 14 de febrero en 1950 aproximadamente como d\u00eda del novio, posteriormente se le llam\u00f3 como d\u00eda de los novios, m\u00e1s adelante del amor y la amistad y\/o d\u00eda de San Valent\u00edn.<br \/>\nPero, \u00bfpor qu\u00e9 San Valent\u00edn? Pues bien, se dice que por all\u00e1 por el siglo III en la Bas\u00edlica de Terni en Roma San Valent\u00edn era el Obispo de dicha iglesia. Cuentan las cr\u00f3nicas que el Emperador Romano Claudio II hab\u00eda prohibido el matrimonio entre j\u00f3venes en la creencia de que como soldados rendir\u00edan mucho m\u00e1s en las guerras si permanec\u00edan solteros.<br \/>\nSan Valent\u00edn desafiaba la orden del Emperador y casaba a las parejas en forma clandestina, o sea en secreto. Claudio amenaz\u00f3 en varias ocasiones a San Valent\u00edn y a la vez lo induc\u00eda a sumarse a sus fuerzas militares. Valent\u00edn decidi\u00f3 reusarse a aquella orden y al Ej\u00e9rcito Romano aferr\u00e1ndose por el contrario a su fe y sus creencias, por lo que Claudio II se cans\u00f3 de \u00e9l y orden\u00f3 que lo aprehendieran y apalearan en p\u00fablico como escarmiento y finalmente fuera decapitado un 14 de septiembre aproximadamente.<br \/>\nPor ello, la iglesia celebra en su Santoral Cristiano el 14 de Febrero como d\u00eda de San Valent\u00edn, pues esa fecha fue establecida por el Papa Gelasio entre 496-498 a\u00f1os D.C.<br \/>\nSeg\u00fan otros investigadores no es muy clara esta historia del personaje, pues tambi\u00e9n se asegura que el Papa Gelasio fij\u00f3 esa fecha para cristianizar las celebraciones paganas del festival \u201cLupercalia\u201d que se realizaban en la antigua Roma.<br \/>\nShekspare menciona en su obra \u201cHamlet\u201d del siglo XVI el d\u00eda de San Valent\u00edn, pero mucho antes los franceses enviaron versos a Carlos, Duque de Orleans que fue capturado por los ingleses en 1415, puesto a prisi\u00f3n en la torre de Londres donde recib\u00eda cartas y presentes de su esposa en ese d\u00eda.<br \/>\nQuiz\u00e1 de ah\u00ed naci\u00f3 la idea para los ingleses de enviar tarjetas y regalos llamados \u201cvalentines\u201d ideas que luego tomar\u00edan los norteam\u00e9ricanos que fueron quienes se encargaron de pasar esa ocurrencia, \u00bfsabe usted a qui\u00e9n? Pues a nosotros los mexicanos y como la idea ven\u00eda de los gringos, pues la aceptamos (faltaba m\u00e1s).<br \/>\nSin embargo, cuando el amor es verdadero, sin mentiras y la amistad es sincera y desinteresada no son necesarias ni tarjetas, ni regalos que bien pod\u00edan solventar necesidades m\u00e1s importantes.<br \/>\nOjal\u00e1 todos practic\u00e1ramos a diario el verdadero amor y el bien, sentimiento que honra al ser humano para mejor vivir esta vida y no solo porque existe la tradici\u00f3n de regalar cosas materiales por ser el d\u00eda 14 de febrero.<br \/>\nAs\u00ed que felicidades a todos por el d\u00eda del novio, de los novios, del amor de la amistad, de San Valent\u00edn y por supuesto de los comerciantes tambi\u00e9n.<br \/>\nGracias.<\/p>\n","protected":false},"excerpt":{"rendered":"<p>En M\u00e9xico como en muchos otros pa\u00edses del planeta se festejan algunas fechas para recordar hechos, honrar personajes, o bien como respuesta a las promociones que realizan quienes viven de sus ofertas: los comerciantes. Seg\u00fan escritos anteriores de algunos historiadores, en nuestro Pa\u00eds se comenz\u00f3 a celebrar el 14 de febrero en 1950 aproximadamente como [&hellip;]<\/p>\n","protected":false},"author":9,"featured_media":305,"comment_status":"open","ping_status":"closed","sticky":false,"template":"","format":"standard","meta":{"footnotes":""},"categories":[1],"tags":[879],"class_list":["post-303","post","type-post","status-publish","format-standard","has-post-thumbnail","hentry","category-noticias","tag-dr-jose-ascencion-tijerina-flores"],"_links":{"self":[{"href":"https:\/\/laultimapalabra.com.mx\/portal\/wp-json\/wp\/v2\/posts\/303","targetHints":{"allow":["GET"]}}],"collection":[{"href":"https:\/\/laultimapalabra.com.mx\/portal\/wp-json\/wp\/v2\/posts"}],"about":[{"href":"https:\/\/laultimapalabra.com.mx\/portal\/wp-json\/wp\/v2\/types\/post"}],"author":[{"embeddable":true,"href":"https:\/\/laultimapalabra.com.mx\/portal\/wp-json\/wp\/v2\/users\/9"}],"replies":[{"embeddable":true,"href":"https:\/\/laultimapalabra.com.mx\/portal\/wp-json\/wp\/v2\/comments?post=303"}],"version-history":[{"count":1,"href":"https:\/\/laultimapalabra.com.mx\/portal\/wp-json\/wp\/v2\/posts\/303\/revisions"}],"predecessor-version":[{"id":63225,"href":"https:\/\/laultimapalabra.com.mx\/portal\/wp-json\/wp\/v2\/posts\/303\/revisions\/63225"}],"wp:featuredmedia":[{"embeddable":true,"href":"https:\/\/laultimapalabra.com.mx\/portal\/wp-json\/"}],"wp:attachment":[{"href":"https:\/\/laultimapalabra.com.mx\/portal\/wp-json\/wp\/v2\/media?parent=303"}],"wp:term":[{"taxonomy":"category","embeddable":true,"href":"https:\/\/laultimapalabra.com.mx\/portal\/wp-json\/wp\/v2\/categories?post=303"},{"taxonomy":"post_tag","embeddable":true,"href":"https:\/\/laultimapalabra.com.mx\/portal\/wp-json\/wp\/v2\/tags?post=303"}],"curies":[{"name":"wp","href":"https:\/\/api.w.org\/{rel}","templated":true}]}}