                       {"id":30975,"date":"2022-07-22T15:42:46","date_gmt":"2022-07-22T21:42:46","guid":{"rendered":"https:\/\/laultimapalabra.com.mx\/portal\/?p=30975"},"modified":"2024-12-11T10:36:02","modified_gmt":"2024-12-11T16:36:02","slug":"escuelas-del-estado-se-uniran-a-la-reparticion-de-agua","status":"publish","type":"post","link":"https:\/\/laultimapalabra.com.mx\/portal\/escuelas-del-estado-se-uniran-a-la-reparticion-de-agua\/","title":{"rendered":"Escuelas del Estado se unir\u00e1n a la repartici\u00f3n de agua"},"content":{"rendered":"<p>Monterrey. \u2013 La Secretar\u00eda de Educaci\u00f3n de Nuevo Le\u00f3n (SENL) anunci\u00f3 su participaci\u00f3n en la lucha contra el desabasto de agua a trav\u00e9s del programa \u2018El Agua de la Escuela a tu Alcance\u2019, el cual se encargar\u00e1 de abrir m\u00e1s de 100 escuelas que se dedicar\u00e1n a repartir l\u00edquido a las familias m\u00e1s necesitadas.<\/p>\n<p>Ser\u00e1n en total 109 planteles de educaci\u00f3n b\u00e1sica, 27 de Media Superior y Superior, dos Escuelas Normales y 3 inmuebles de la SENL quienes dispondr\u00e1n de este servicio que, en algunos casos, ya est\u00e1 en funci\u00f3n, mientras que en otros arrancar\u00e1 el pr\u00f3ximo lunes.<\/p>\n<p>&nbsp;<\/p>\n<p>En su intervenci\u00f3n dentro del Nuevo Le\u00f3n Informa, la titular de la Secretar\u00eda de Educaci\u00f3n Estatal, Sofialeticia Morales Garza, especific\u00f3 que las instituciones elegidas estar\u00e1n en municipios de la Zona Metropolitana y Periferia.<\/p>\n<p>&nbsp;<\/p>\n<p>En los municipios de Cadereyta y Ju\u00e1rez, los planteles que apoyar\u00e1n con la medida son:<\/p>\n<p>&nbsp;<\/p>\n<p>Cadereyta:<\/p>\n<p><span style=\"font-size: 1rem;\">Un plantel de educaci\u00f3n media superior.<\/span><\/p>\n<p>&nbsp;<\/p>\n<p>Ju\u00e1rez:<\/p>\n<p><span style=\"font-size: 1rem;\">Un plantel de educaci\u00f3n media superior<\/span><\/p>\n<p><span style=\"font-size: 1rem;\">Un plantel de educaci\u00f3n superior<\/span><\/p>\n","protected":false},"excerpt":{"rendered":"<p>Monterrey. \u2013 La Secretar\u00eda de Educaci\u00f3n de Nuevo Le\u00f3n (SENL) anunci\u00f3 su participaci\u00f3n en la lucha contra el desabasto de agua a trav\u00e9s del programa \u2018El Agua de la Escuela a tu Alcance\u2019, el cual se encargar\u00e1 de abrir m\u00e1s de 100 escuelas que se dedicar\u00e1n a repartir l\u00edquido a las familias m\u00e1s necesitadas. Ser\u00e1n [&hellip;]<\/p>\n","protected":false},"author":9,"featured_media":30976,"comment_status":"closed","ping_status":"closed","sticky":false,"template":"","format":"standard","meta":{"footnotes":""},"categories":[15],"tags":[3192],"class_list":["post-30975","post","type-post","status-publish","format-standard","has-post-thumbnail","hentry","category-estado","tag-fuente-abc-noticias"],"_links":{"self":[{"href":"https:\/\/laultimapalabra.com.mx\/portal\/wp-json\/wp\/v2\/posts\/30975","targetHints":{"allow":["GET"]}}],"collection":[{"href":"https:\/\/laultimapalabra.com.mx\/portal\/wp-json\/wp\/v2\/posts"}],"about":[{"href":"https:\/\/laultimapalabra.com.mx\/portal\/wp-json\/wp\/v2\/types\/post"}],"author":[{"embeddable":true,"href":"https:\/\/laultimapalabra.com.mx\/portal\/wp-json\/wp\/v2\/users\/9"}],"replies":[{"embeddable":true,"href":"https:\/\/laultimapalabra.com.mx\/portal\/wp-json\/wp\/v2\/comments?post=30975"}],"version-history":[{"count":2,"href":"https:\/\/laultimapalabra.com.mx\/portal\/wp-json\/wp\/v2\/posts\/30975\/revisions"}],"predecessor-version":[{"id":77557,"href":"https:\/\/laultimapalabra.com.mx\/portal\/wp-json\/wp\/v2\/posts\/30975\/revisions\/77557"}],"wp:featuredmedia":[{"embeddable":true,"href":"https:\/\/laultimapalabra.com.mx\/portal\/wp-json\/wp\/v2\/media\/30976"}],"wp:attachment":[{"href":"https:\/\/laultimapalabra.com.mx\/portal\/wp-json\/wp\/v2\/media?parent=30975"}],"wp:term":[{"taxonomy":"category","embeddable":true,"href":"https:\/\/laultimapalabra.com.mx\/portal\/wp-json\/wp\/v2\/categories?post=30975"},{"taxonomy":"post_tag","embeddable":true,"href":"https:\/\/laultimapalabra.com.mx\/portal\/wp-json\/wp\/v2\/tags?post=30975"}],"curies":[{"name":"wp","href":"https:\/\/api.w.org\/{rel}","templated":true}]}}