                       {"id":3106,"date":"2018-08-23T23:36:20","date_gmt":"2018-08-23T23:36:20","guid":{"rendered":"http:\/\/laultimapalabra.info\/?p=3106"},"modified":"2024-12-11T08:37:25","modified_gmt":"2024-12-11T14:37:25","slug":"usted-tiene-la-ultima-palabra-28","status":"publish","type":"post","link":"https:\/\/laultimapalabra.com.mx\/portal\/usted-tiene-la-ultima-palabra-28\/","title":{"rendered":"Usted tiene&#8230;La \u00daltima Palabra"},"content":{"rendered":"<p style=\"text-align: justify;\"><img loading=\"lazy\" decoding=\"async\" class=\"size-medium wp-image-390 alignleft\" src=\"https:\/\/laultimapalabra.com.mx\/portal\/wp-content\/uploads\/2018\/02\/28169846_1705449459476714_78449556_o-203x300.jpg\" alt=\"\" width=\"203\" height=\"300\" \/>C\u00ednico<\/p>\n<p style=\"text-align: justify;\">Por: Ing. Jes\u00fas Herrera R\u00e1bago<\/p>\n<p style=\"text-align: justify;\">Deshonroso, abyecto, ignominioso, indecente, indigno, inmoral, indecoroso, ruin, vil, bochornoso, despreciable, ofensivo, injurioso, insultante, humillante, afrentoso, agraviante, ultrajante y todos los dem\u00e1s adjetivos que usted quiera ponerle quedan muy bien para aplic\u00e1rselo a la Procuradur\u00eda General de la Rep\u00fablica.<br \/>\nBajo ning\u00fan argumento o consideraci\u00f3n se puede concebir que salgan ahora a decir que no pueden armar el expediente para comprobarle al exgobernador Javier Duarte las acusaciones por las que fue detenido.<br \/>\nNo es posible que ante la evidencia que se puede percibir a \u201ckil\u00f3metros de distancia\u201d (usando una met\u00e1fora), no encuentren los elementos id\u00f3neos para presentarlos ante un juez y hacer pagar todas sus fechor\u00edas a este c\u00ednico bandido.<br \/>\nLo m\u00e1s seguro es \u201cque no quieran ver\u201d debido a tantos intereses que hay detr\u00e1s. En ese caso ser\u00eda m\u00e1s honroso decirlo y no querer seguirle viendo la cara al pueblo de M\u00e9xico. Pero tristemente el sistema de justicia est\u00e1 totalmente \u201cpodrido\u201d.<br \/>\nLo interesante es que \u00e9sta es una de las principales razones por las que el pueblo de M\u00e9xico se volc\u00f3 a las urnas para manifestar ese enojo y esa impotencia. Ser\u00eda muy tonto el pr\u00f3ximo gobierno si d\u00e1ndose cuenta de ello no hace nada.<br \/>\nAhora bien, el cambio no radica en cambiarle de nombre o hacer la simulaci\u00f3n de que ser\u00e1 una fiscal\u00eda aut\u00f3noma, como ha sucedido en Nuevo Le\u00f3n, donde de estar la Procuradur\u00eda, en manos del ejecutivo, pas\u00f3 ahora a ser empleado de los partidos.<br \/>\nComo lo he se\u00f1alado aqu\u00ed para otros casos, ac\u00e1 debe aplicarse el dicho: \u201cNo se trata de cambiar de amo, sino dejar de ser perro\u201d. De nada servir\u00e1 si s\u00f3lo se cambia el nombre y ahora elegantemente, se le llama Fiscal\u00eda General de la Naci\u00f3n.<br \/>\nEs urgente erradicar la impunidad, no es posible que en M\u00e9xico a lo que menos tengas miedo es a la \u201cjusticia\u201d, pues sabes que siempre hay modo para burlarla f\u00e1cilmente. Y la \u00fanica manera es cambiar la Constituci\u00f3n para tener una Fiscal\u00eda diferente y no s\u00f3lo un cambio de fachada con lo mismo que hay ahora.<br \/>\nAs\u00ed las cosas, no es posible que seamos la quinceava econom\u00eda del mundo, pero de los \u00faltimos lugares en el tema de la procuraci\u00f3n de justicia, por ello es muy importante que este tema, el Presidente Electo lo vaya poniendo en su agenda, pues de olvidarlo ser\u00eda no atender una de las voces m\u00e1s claras que se manifestaron en los votos de este primero de julio.<br \/>\nEsta es mi opini\u00f3n, usted tiene La \u00daltima Palabra.<\/p>\n","protected":false},"excerpt":{"rendered":"<p>C\u00ednico Por: Ing. Jes\u00fas Herrera R\u00e1bago Deshonroso, abyecto, ignominioso, indecente, indigno, inmoral, indecoroso, ruin, vil, bochornoso, despreciable, ofensivo, injurioso, insultante, humillante, afrentoso, agraviante, ultrajante y todos los dem\u00e1s adjetivos que usted quiera ponerle quedan muy bien para aplic\u00e1rselo a la Procuradur\u00eda General de la Rep\u00fablica. Bajo ning\u00fan argumento o consideraci\u00f3n se puede concebir que salgan [&hellip;]<\/p>\n","protected":false},"author":9,"featured_media":390,"comment_status":"open","ping_status":"closed","sticky":false,"template":"","format":"standard","meta":{"footnotes":""},"categories":[1],"tags":[1278],"class_list":["post-3106","post","type-post","status-publish","format-standard","has-post-thumbnail","hentry","category-noticias","tag-ing-jesus-herrera-rabago"],"_links":{"self":[{"href":"https:\/\/laultimapalabra.com.mx\/portal\/wp-json\/wp\/v2\/posts\/3106","targetHints":{"allow":["GET"]}}],"collection":[{"href":"https:\/\/laultimapalabra.com.mx\/portal\/wp-json\/wp\/v2\/posts"}],"about":[{"href":"https:\/\/laultimapalabra.com.mx\/portal\/wp-json\/wp\/v2\/types\/post"}],"author":[{"embeddable":true,"href":"https:\/\/laultimapalabra.com.mx\/portal\/wp-json\/wp\/v2\/users\/9"}],"replies":[{"embeddable":true,"href":"https:\/\/laultimapalabra.com.mx\/portal\/wp-json\/wp\/v2\/comments?post=3106"}],"version-history":[{"count":1,"href":"https:\/\/laultimapalabra.com.mx\/portal\/wp-json\/wp\/v2\/posts\/3106\/revisions"}],"predecessor-version":[{"id":64689,"href":"https:\/\/laultimapalabra.com.mx\/portal\/wp-json\/wp\/v2\/posts\/3106\/revisions\/64689"}],"wp:featuredmedia":[{"embeddable":true,"href":"https:\/\/laultimapalabra.com.mx\/portal\/wp-json\/"}],"wp:attachment":[{"href":"https:\/\/laultimapalabra.com.mx\/portal\/wp-json\/wp\/v2\/media?parent=3106"}],"wp:term":[{"taxonomy":"category","embeddable":true,"href":"https:\/\/laultimapalabra.com.mx\/portal\/wp-json\/wp\/v2\/categories?post=3106"},{"taxonomy":"post_tag","embeddable":true,"href":"https:\/\/laultimapalabra.com.mx\/portal\/wp-json\/wp\/v2\/tags?post=3106"}],"curies":[{"name":"wp","href":"https:\/\/api.w.org\/{rel}","templated":true}]}}