                       {"id":31100,"date":"2022-07-27T13:57:18","date_gmt":"2022-07-27T19:57:18","guid":{"rendered":"https:\/\/laultimapalabra.com.mx\/portal\/?p=31100"},"modified":"2024-12-11T10:36:04","modified_gmt":"2024-12-11T16:36:04","slug":"jurado-declara-culpable-al-acusado-de-provocar-el-suicidio-de-un-menor-tras-hostigarle-por-whatsapp","status":"publish","type":"post","link":"https:\/\/laultimapalabra.com.mx\/portal\/jurado-declara-culpable-al-acusado-de-provocar-el-suicidio-de-un-menor-tras-hostigarle-por-whatsapp\/","title":{"rendered":"JURADO DECLARA CULPABLE AL ACUSADO DE PROVOCAR EL SUICIDIO DE UN MENOR TRAS HOSTIGARLE POR WHATSAPP"},"content":{"rendered":"<p>Con informaci\u00f3n de Europa Press, Castell\u00f3n, Espa\u00f1a. Los Whatsapp del m\u00f3vil del acusado de causar el suicidio de un menor: &#8220;Vas a llorar l\u00e1grimas de sangre ante tus pap\u00e1s&#8221;<\/p>\n<p>Un jurado popular ha declarado este mi\u00e9rcoles por mayor\u00eda culpable al acusado de provocar el suicidio de un menor de 17 a\u00f1os en Vila-real (Castell\u00f3n) en 2016 tras hostigarle y chantajearle a trav\u00e9s de mensajes de whatsapp.<\/p>\n<p>Tras el veredicto del jurado, el fiscal, que solicitaba de forma provisional 12 a\u00f1os de prisi\u00f3n para el acusado, ha elevado la petici\u00f3n de pena a 14 a\u00f1os al considerar el jurado que existe la agravante de superioridad.<\/p>\n<p>Por su parte, la acusaci\u00f3n particular ha demandado 15 a\u00f1os de c\u00e1rcel para el procesado, mientras que la defensa ha pedido que se le impongan las penas m\u00ednimas y ha anunciado la intenci\u00f3n de recurrir la sentencia.<\/p>\n<p>Tanto el ministerio p\u00fablico como la acusaci\u00f3n particular han solicitado el inmediato ingreso en prisi\u00f3n del acusado, ya que, seg\u00fan ha explicado el fiscal, existe posible riesgo de fuga dada la gravedad de las penas que se le van a imponer. La defensa se ha opuesto a dicha petici\u00f3n.<\/p>\n<p>Los miembros de jurado han considerado que las diligencias policiales practicadas fueron correctas porque se mantuvo la cadena de custodia del m\u00f3vil del menor. Adem\u00e1s, han dado como probado que la v\u00edctima indic\u00f3 al acusado en varias ocasiones que era menor, le pidi\u00f3 disculpas y le advirti\u00f3 de que se iba a suicidar.<\/p>\n<p>A pesar de todo, seg\u00fan el jurado popular, el acusado mantuvo sus amenazas presionando al menor. Los miembros del jurado han se\u00f1alado que, tras los mensajes de whatsapp con el menor, el acusado era sabedor de la angustia que estaba provoc\u00e1ndole.<\/p>\n<p>&nbsp;<\/p>\n","protected":false},"excerpt":{"rendered":"<p>Con informaci\u00f3n de Europa Press, Castell\u00f3n, Espa\u00f1a. Los Whatsapp del m\u00f3vil del acusado de causar el suicidio de un menor: &#8220;Vas a llorar l\u00e1grimas de sangre ante tus pap\u00e1s&#8221; Un jurado popular ha declarado este mi\u00e9rcoles por mayor\u00eda culpable al acusado de provocar el suicidio de un menor de 17 a\u00f1os en Vila-real (Castell\u00f3n) en [&hellip;]<\/p>\n","protected":false},"author":9,"featured_media":31101,"comment_status":"closed","ping_status":"closed","sticky":false,"template":"","format":"standard","meta":{"footnotes":""},"categories":[16],"tags":[4442,4443,4441],"class_list":["post-31100","post","type-post","status-publish","format-standard","has-post-thumbnail","hentry","category-internacional","tag-castellon","tag-espana","tag-fuenteeuropa-press"],"_links":{"self":[{"href":"https:\/\/laultimapalabra.com.mx\/portal\/wp-json\/wp\/v2\/posts\/31100","targetHints":{"allow":["GET"]}}],"collection":[{"href":"https:\/\/laultimapalabra.com.mx\/portal\/wp-json\/wp\/v2\/posts"}],"about":[{"href":"https:\/\/laultimapalabra.com.mx\/portal\/wp-json\/wp\/v2\/types\/post"}],"author":[{"embeddable":true,"href":"https:\/\/laultimapalabra.com.mx\/portal\/wp-json\/wp\/v2\/users\/9"}],"replies":[{"embeddable":true,"href":"https:\/\/laultimapalabra.com.mx\/portal\/wp-json\/wp\/v2\/comments?post=31100"}],"version-history":[{"count":2,"href":"https:\/\/laultimapalabra.com.mx\/portal\/wp-json\/wp\/v2\/posts\/31100\/revisions"}],"predecessor-version":[{"id":77613,"href":"https:\/\/laultimapalabra.com.mx\/portal\/wp-json\/wp\/v2\/posts\/31100\/revisions\/77613"}],"wp:featuredmedia":[{"embeddable":true,"href":"https:\/\/laultimapalabra.com.mx\/portal\/wp-json\/wp\/v2\/media\/31101"}],"wp:attachment":[{"href":"https:\/\/laultimapalabra.com.mx\/portal\/wp-json\/wp\/v2\/media?parent=31100"}],"wp:term":[{"taxonomy":"category","embeddable":true,"href":"https:\/\/laultimapalabra.com.mx\/portal\/wp-json\/wp\/v2\/categories?post=31100"},{"taxonomy":"post_tag","embeddable":true,"href":"https:\/\/laultimapalabra.com.mx\/portal\/wp-json\/wp\/v2\/tags?post=31100"}],"curies":[{"name":"wp","href":"https:\/\/api.w.org\/{rel}","templated":true}]}}