                       {"id":31784,"date":"2022-08-18T14:07:28","date_gmt":"2022-08-18T20:07:28","guid":{"rendered":"https:\/\/laultimapalabra.com.mx\/portal\/?p=31784"},"modified":"2024-12-11T10:36:12","modified_gmt":"2024-12-11T16:36:12","slug":"fiscalia-de-nl-alista-imputacion-contra-quien-obstruya-justicia-en-caso-debanhi-escobar","status":"publish","type":"post","link":"https:\/\/laultimapalabra.com.mx\/portal\/fiscalia-de-nl-alista-imputacion-contra-quien-obstruya-justicia-en-caso-debanhi-escobar\/","title":{"rendered":"Fiscalia de NL alista imputaci\u00f3n contra quien obstruya justicia en caso Debanhi Escobar"},"content":{"rendered":"<p>Cd. De M\u00e9xico. El subsecretario de Seguridad y Protecci\u00f3n Ciudadana (SSPC), Ricardo Mej\u00eda, inform\u00f3 que la Fiscal\u00eda General de Justicia del Estado de Nuevo Le\u00f3n formular\u00e1 una imputaci\u00f3n penal contra quienes resulten responsables de obstruir la justicia al inicio de la investigaci\u00f3n del caso Debanhi Escobar.<\/p>\n<p>En La Ma\u00f1anera desde Palacio Nacional, el funcionario explic\u00f3 que ayer se realizaron dos reuniones de trabajo y seguimiento del caso, en las que participaron autoridades federales y estatales, as\u00ed como los padres de la joven, quienes llegaron a dos acuerdos.<\/p>\n<p>Detall\u00f3 que el primer acuerdo fue que la Fiscal\u00eda de Nuevo Le\u00f3n formule la imputaci\u00f3n penal en las pr\u00f3ximas horas contra quienes hayan interferido en las primeras investigaciones del caso.<\/p>\n<p>El subsecretario de Seguridad destac\u00f3 que el segundo acuerdo es que, a petici\u00f3n de los padres de Debanhi Escobar, la Fiscal\u00eda General de la Rep\u00fablica (FGR) solicite atraer la investigaci\u00f3n del caso.<\/p>\n<p>Esto, una vez que la Fiscal\u00eda de Nuevo Le\u00f3n ejerza la acci\u00f3n penal por obstrucci\u00f3n de justicia.<\/p>\n<p>&nbsp;<\/p>\n","protected":false},"excerpt":{"rendered":"<p>Cd. De M\u00e9xico. El subsecretario de Seguridad y Protecci\u00f3n Ciudadana (SSPC), Ricardo Mej\u00eda, inform\u00f3 que la Fiscal\u00eda General de Justicia del Estado de Nuevo Le\u00f3n formular\u00e1 una imputaci\u00f3n penal contra quienes resulten responsables de obstruir la justicia al inicio de la investigaci\u00f3n del caso Debanhi Escobar. En La Ma\u00f1anera desde Palacio Nacional, el funcionario explic\u00f3 [&hellip;]<\/p>\n","protected":false},"author":9,"featured_media":31785,"comment_status":"closed","ping_status":"closed","sticky":false,"template":"","format":"standard","meta":{"footnotes":""},"categories":[15],"tags":[3089],"class_list":["post-31784","post","type-post","status-publish","format-standard","has-post-thumbnail","hentry","category-estado","tag-fuenta_milenio"],"_links":{"self":[{"href":"https:\/\/laultimapalabra.com.mx\/portal\/wp-json\/wp\/v2\/posts\/31784","targetHints":{"allow":["GET"]}}],"collection":[{"href":"https:\/\/laultimapalabra.com.mx\/portal\/wp-json\/wp\/v2\/posts"}],"about":[{"href":"https:\/\/laultimapalabra.com.mx\/portal\/wp-json\/wp\/v2\/types\/post"}],"author":[{"embeddable":true,"href":"https:\/\/laultimapalabra.com.mx\/portal\/wp-json\/wp\/v2\/users\/9"}],"replies":[{"embeddable":true,"href":"https:\/\/laultimapalabra.com.mx\/portal\/wp-json\/wp\/v2\/comments?post=31784"}],"version-history":[{"count":2,"href":"https:\/\/laultimapalabra.com.mx\/portal\/wp-json\/wp\/v2\/posts\/31784\/revisions"}],"predecessor-version":[{"id":77971,"href":"https:\/\/laultimapalabra.com.mx\/portal\/wp-json\/wp\/v2\/posts\/31784\/revisions\/77971"}],"wp:featuredmedia":[{"embeddable":true,"href":"https:\/\/laultimapalabra.com.mx\/portal\/wp-json\/wp\/v2\/media\/31785"}],"wp:attachment":[{"href":"https:\/\/laultimapalabra.com.mx\/portal\/wp-json\/wp\/v2\/media?parent=31784"}],"wp:term":[{"taxonomy":"category","embeddable":true,"href":"https:\/\/laultimapalabra.com.mx\/portal\/wp-json\/wp\/v2\/categories?post=31784"},{"taxonomy":"post_tag","embeddable":true,"href":"https:\/\/laultimapalabra.com.mx\/portal\/wp-json\/wp\/v2\/tags?post=31784"}],"curies":[{"name":"wp","href":"https:\/\/api.w.org\/{rel}","templated":true}]}}