                       {"id":31838,"date":"2022-08-19T16:34:27","date_gmt":"2022-08-19T22:34:27","guid":{"rendered":"https:\/\/laultimapalabra.com.mx\/portal\/?p=31838"},"modified":"2024-12-11T10:36:13","modified_gmt":"2024-12-11T16:36:13","slug":"amlo-pide-castigar-a-agentes-por-desaparicion-de-normalistas-de-ayotzinapa","status":"publish","type":"post","link":"https:\/\/laultimapalabra.com.mx\/portal\/amlo-pide-castigar-a-agentes-por-desaparicion-de-normalistas-de-ayotzinapa\/","title":{"rendered":"AMLO pide castigar a agentes por desaparici\u00f3n de normalistas de Ayotzinapa"},"content":{"rendered":"<p>CDMX.- El presidente Andr\u00e9s Manuel L\u00f3pez Obrador abog\u00f3 por castigar a militares y funcionarios involucrados en la desaparici\u00f3n de los 43 estudiantes normalistas de la normal Isidro Burgos de Ayotziapa.<\/p>\n<p>Luego de que se presentar\u00e1 el informe de la Presidencia de la Comisi\u00f3n para la Verdad y Acceso a la Justicia del caso Ayotzinapa, el mandatario reiter\u00f3 su postura para continuar con las indagatorias del caso, incluso cuando \u00e9stas se\u00f1alan la responsabilidad de agentes del Estado en el crimen.<\/p>\n<p>El documento asegura que militares y funcionarios, por sus \u201cacciones, omisiones o participaci\u00f3n\u201d, permitieron el secuestro y muerte de los 43 estudiantes de Ayotzinapa y seis personas a manos del c\u00e1rtel Guerreros Unidos.<\/p>\n<p>Previo a su difusi\u00f3n p\u00fablica, el Presidente escuch\u00f3 el informe el jueves junto con las familias de las v\u00edctimas. \u201cDijimos desde el principio que \u00edbamos a hablar con la verdad por dolorosa que fuese. Les expres\u00e9 mi dolor, mi tristeza\u201d, coment\u00f3.<\/p>\n<p>&nbsp;<\/p>\n","protected":false},"excerpt":{"rendered":"<p>CDMX.- El presidente Andr\u00e9s Manuel L\u00f3pez Obrador abog\u00f3 por castigar a militares y funcionarios involucrados en la desaparici\u00f3n de los 43 estudiantes normalistas de la normal Isidro Burgos de Ayotziapa. Luego de que se presentar\u00e1 el informe de la Presidencia de la Comisi\u00f3n para la Verdad y Acceso a la Justicia del caso Ayotzinapa, el [&hellip;]<\/p>\n","protected":false},"author":9,"featured_media":31839,"comment_status":"closed","ping_status":"closed","sticky":false,"template":"","format":"standard","meta":{"footnotes":""},"categories":[19],"tags":[3089],"class_list":["post-31838","post","type-post","status-publish","format-standard","has-post-thumbnail","hentry","category-nacional","tag-fuenta_milenio"],"_links":{"self":[{"href":"https:\/\/laultimapalabra.com.mx\/portal\/wp-json\/wp\/v2\/posts\/31838","targetHints":{"allow":["GET"]}}],"collection":[{"href":"https:\/\/laultimapalabra.com.mx\/portal\/wp-json\/wp\/v2\/posts"}],"about":[{"href":"https:\/\/laultimapalabra.com.mx\/portal\/wp-json\/wp\/v2\/types\/post"}],"author":[{"embeddable":true,"href":"https:\/\/laultimapalabra.com.mx\/portal\/wp-json\/wp\/v2\/users\/9"}],"replies":[{"embeddable":true,"href":"https:\/\/laultimapalabra.com.mx\/portal\/wp-json\/wp\/v2\/comments?post=31838"}],"version-history":[{"count":2,"href":"https:\/\/laultimapalabra.com.mx\/portal\/wp-json\/wp\/v2\/posts\/31838\/revisions"}],"predecessor-version":[{"id":77999,"href":"https:\/\/laultimapalabra.com.mx\/portal\/wp-json\/wp\/v2\/posts\/31838\/revisions\/77999"}],"wp:featuredmedia":[{"embeddable":true,"href":"https:\/\/laultimapalabra.com.mx\/portal\/wp-json\/wp\/v2\/media\/31839"}],"wp:attachment":[{"href":"https:\/\/laultimapalabra.com.mx\/portal\/wp-json\/wp\/v2\/media?parent=31838"}],"wp:term":[{"taxonomy":"category","embeddable":true,"href":"https:\/\/laultimapalabra.com.mx\/portal\/wp-json\/wp\/v2\/categories?post=31838"},{"taxonomy":"post_tag","embeddable":true,"href":"https:\/\/laultimapalabra.com.mx\/portal\/wp-json\/wp\/v2\/tags?post=31838"}],"curies":[{"name":"wp","href":"https:\/\/api.w.org\/{rel}","templated":true}]}}