                       {"id":31972,"date":"2022-08-24T12:12:27","date_gmt":"2022-08-24T18:12:27","guid":{"rendered":"https:\/\/laultimapalabra.com.mx\/portal\/?p=31972"},"modified":"2024-12-11T10:36:15","modified_gmt":"2024-12-11T16:36:15","slug":"arranca-paco-trevino-obra-de-agua-potable","status":"publish","type":"post","link":"https:\/\/laultimapalabra.com.mx\/portal\/arranca-paco-trevino-obra-de-agua-potable\/","title":{"rendered":"Arranca Paco Trevi\u00f1o obra de agua potable"},"content":{"rendered":"<p>Ju\u00e1rez, N.L.<\/p>\n<p>A las 10 de la ma\u00f1ana de este mi\u00e9rcoles, el alcalde de Ju\u00e1rez, Francisco H\u00e9ctor Trevi\u00f1o Cant\u00fa, funcionarios de su administraci\u00f3n y vecinos del Ejido Los Naranjos, dieron el banderazo para la introducci\u00f3n de la red de agua potable para beneficio de 20 familias.<\/p>\n<p>El banderazo que dio inicio a la obra, se realiz\u00f3 en la avenida Acueducto, lugar donde habitan los vecinos que pronto tendr\u00e1n por fin agua potable en sus hogares, despu\u00e9s de d\u00e9cadas de vivir en ese lugar.<\/p>\n<p>Los trabajos constan de 500 metros lineales con una inversi\u00f3n de 930 mil pesos, en donde consta, aparte de las tomas domiciliarias, de un hidrante, que ser\u00e1 una opci\u00f3n de apoyo preventivo para cualquier connato de incendio en el ejido Los Naranjos o colonias cercanas.<\/p>\n<p>&nbsp;<\/p>\n","protected":false},"excerpt":{"rendered":"<p>Ju\u00e1rez, N.L. A las 10 de la ma\u00f1ana de este mi\u00e9rcoles, el alcalde de Ju\u00e1rez, Francisco H\u00e9ctor Trevi\u00f1o Cant\u00fa, funcionarios de su administraci\u00f3n y vecinos del Ejido Los Naranjos, dieron el banderazo para la introducci\u00f3n de la red de agua potable para beneficio de 20 familias. El banderazo que dio inicio a la obra, se [&hellip;]<\/p>\n","protected":false},"author":9,"featured_media":31973,"comment_status":"closed","ping_status":"closed","sticky":false,"template":"","format":"standard","meta":{"footnotes":""},"categories":[18],"tags":[4471,4261,1684],"class_list":["post-31972","post","type-post","status-publish","format-standard","has-post-thumbnail","hentry","category-locales-juarez","tag-agua-potable","tag-obra","tag-paco-trevino"],"_links":{"self":[{"href":"https:\/\/laultimapalabra.com.mx\/portal\/wp-json\/wp\/v2\/posts\/31972","targetHints":{"allow":["GET"]}}],"collection":[{"href":"https:\/\/laultimapalabra.com.mx\/portal\/wp-json\/wp\/v2\/posts"}],"about":[{"href":"https:\/\/laultimapalabra.com.mx\/portal\/wp-json\/wp\/v2\/types\/post"}],"author":[{"embeddable":true,"href":"https:\/\/laultimapalabra.com.mx\/portal\/wp-json\/wp\/v2\/users\/9"}],"replies":[{"embeddable":true,"href":"https:\/\/laultimapalabra.com.mx\/portal\/wp-json\/wp\/v2\/comments?post=31972"}],"version-history":[{"count":2,"href":"https:\/\/laultimapalabra.com.mx\/portal\/wp-json\/wp\/v2\/posts\/31972\/revisions"}],"predecessor-version":[{"id":78065,"href":"https:\/\/laultimapalabra.com.mx\/portal\/wp-json\/wp\/v2\/posts\/31972\/revisions\/78065"}],"wp:featuredmedia":[{"embeddable":true,"href":"https:\/\/laultimapalabra.com.mx\/portal\/wp-json\/wp\/v2\/media\/31973"}],"wp:attachment":[{"href":"https:\/\/laultimapalabra.com.mx\/portal\/wp-json\/wp\/v2\/media?parent=31972"}],"wp:term":[{"taxonomy":"category","embeddable":true,"href":"https:\/\/laultimapalabra.com.mx\/portal\/wp-json\/wp\/v2\/categories?post=31972"},{"taxonomy":"post_tag","embeddable":true,"href":"https:\/\/laultimapalabra.com.mx\/portal\/wp-json\/wp\/v2\/tags?post=31972"}],"curies":[{"name":"wp","href":"https:\/\/api.w.org\/{rel}","templated":true}]}}