                       {"id":32009,"date":"2022-08-25T15:23:59","date_gmt":"2022-08-25T21:23:59","guid":{"rendered":"https:\/\/laultimapalabra.com.mx\/portal\/?p=32009"},"modified":"2024-12-11T10:36:15","modified_gmt":"2024-12-11T16:36:15","slug":"exceso-y-burla-los-24-mil-millones-solicitados-por-ine-para-2023-amlo","status":"publish","type":"post","link":"https:\/\/laultimapalabra.com.mx\/portal\/exceso-y-burla-los-24-mil-millones-solicitados-por-ine-para-2023-amlo\/","title":{"rendered":"&#8220;Exceso y burla&#8221;, los $24 mil millones solicitados por INE para 2023: AMLO"},"content":{"rendered":"<p><span style=\"font-size: 1rem;\">En la ma\u00f1anera de este jueves, el primer mandatario de la Naci\u00f3n fue interrogado sobre los recursos que el INE ha pedido para el ejercicio presupuestal del pr\u00f3ximo a\u00f1o, de los cuales destinar\u00e1 una parte al presupuesto de los partidos pol\u00edticos, y si estar\u00eda dispuesto a emitir un decreto para limitar los recursos a esa instancia.<\/span><\/p>\n<p>\u201cYo no voy a limitar el presupuesto. Lo que voy a seguir haciendo, y lo tenemos que hacer, considero, todos los mexicanos, es cuestionar, criticar, los excesos. Es una burla que se destinen 24 mil millones de pesos para organizar elecciones y para los partidos pol\u00edticos\u201d, respondi\u00f3 el Presidente.<\/p>\n<p>Dijo que corresponde exclusivamente a la C\u00e1mara de Diputados la aprobaci\u00f3n del presupuesto de egresos de cada a\u00f1o, por lo que ser\u00e1 ese \u00f3rgano legislativo el que pudiera hacer o no ajustes en lo requerido por el INE y otras instancias.<\/p>\n<p>Destac\u00f3 as\u00ed la importancia de la iniciativa de reforma electoral que plante\u00f3 al Congreso de la Uni\u00f3n, en la que varias de las propuestas van en el sentido de ahorros para el funcionamiento del sistema pol\u00edtico-electoral, como la eliminaci\u00f3n de los legisladores plurinominales, limitar el presupuesto a los partidos pol\u00edticos o que s\u00f3lo haya un \u00f3rgano electoral nacional que organice todos los procesos de elecci\u00f3n en el pa\u00eds.<\/p>\n<p>FUENTE: LA JORNADA<\/p>\n","protected":false},"excerpt":{"rendered":"<p>En la ma\u00f1anera de este jueves, el primer mandatario de la Naci\u00f3n fue interrogado sobre los recursos que el INE ha pedido para el ejercicio presupuestal del pr\u00f3ximo a\u00f1o, de los cuales destinar\u00e1 una parte al presupuesto de los partidos pol\u00edticos, y si estar\u00eda dispuesto a emitir un decreto para limitar los recursos a esa [&hellip;]<\/p>\n","protected":false},"author":9,"featured_media":32010,"comment_status":"closed","ping_status":"closed","sticky":false,"template":"","format":"standard","meta":{"footnotes":""},"categories":[19],"tags":[133,1269],"class_list":["post-32009","post","type-post","status-publish","format-standard","has-post-thumbnail","hentry","category-nacional","tag-andres-manuel-lopez-obrador","tag-ine"],"_links":{"self":[{"href":"https:\/\/laultimapalabra.com.mx\/portal\/wp-json\/wp\/v2\/posts\/32009","targetHints":{"allow":["GET"]}}],"collection":[{"href":"https:\/\/laultimapalabra.com.mx\/portal\/wp-json\/wp\/v2\/posts"}],"about":[{"href":"https:\/\/laultimapalabra.com.mx\/portal\/wp-json\/wp\/v2\/types\/post"}],"author":[{"embeddable":true,"href":"https:\/\/laultimapalabra.com.mx\/portal\/wp-json\/wp\/v2\/users\/9"}],"replies":[{"embeddable":true,"href":"https:\/\/laultimapalabra.com.mx\/portal\/wp-json\/wp\/v2\/comments?post=32009"}],"version-history":[{"count":2,"href":"https:\/\/laultimapalabra.com.mx\/portal\/wp-json\/wp\/v2\/posts\/32009\/revisions"}],"predecessor-version":[{"id":78087,"href":"https:\/\/laultimapalabra.com.mx\/portal\/wp-json\/wp\/v2\/posts\/32009\/revisions\/78087"}],"wp:featuredmedia":[{"embeddable":true,"href":"https:\/\/laultimapalabra.com.mx\/portal\/wp-json\/wp\/v2\/media\/32010"}],"wp:attachment":[{"href":"https:\/\/laultimapalabra.com.mx\/portal\/wp-json\/wp\/v2\/media?parent=32009"}],"wp:term":[{"taxonomy":"category","embeddable":true,"href":"https:\/\/laultimapalabra.com.mx\/portal\/wp-json\/wp\/v2\/categories?post=32009"},{"taxonomy":"post_tag","embeddable":true,"href":"https:\/\/laultimapalabra.com.mx\/portal\/wp-json\/wp\/v2\/tags?post=32009"}],"curies":[{"name":"wp","href":"https:\/\/api.w.org\/{rel}","templated":true}]}}