                       {"id":32054,"date":"2022-08-26T11:46:52","date_gmt":"2022-08-26T17:46:52","guid":{"rendered":"https:\/\/laultimapalabra.com.mx\/portal\/?p=32054"},"modified":"2024-12-11T10:36:15","modified_gmt":"2024-12-11T16:36:15","slug":"capacitan-a-maestros-en-justicia-civica-en-juarez","status":"publish","type":"post","link":"https:\/\/laultimapalabra.com.mx\/portal\/capacitan-a-maestros-en-justicia-civica-en-juarez\/","title":{"rendered":"Capacitan a maestros en justicia c\u00edvica en Ju\u00e1rez"},"content":{"rendered":"<p>Ju\u00e1rez, N.L.- Con el fin de dar a conocer las herramientas y las dependencias con las que cuenta el Municipio de Ju\u00e1rez en materia de Justicia C\u00edvica y Mediaci\u00f3n, la Secretar\u00eda del Ayuntamiento de esta ciudad, realiz\u00f3 un evento de capacitaci\u00f3n con Directores, Subdirectores e Inspectores de los diferentes planteles educativos.<\/p>\n<p>El evento se efectu\u00f3 en el Auditorio municipal a las 5:00 de la tarde de ayer, contando con la presencia de: Rub\u00e9n Cardoza Moyr\u00f3n, Director del Instituto de Mecanismos Alternativos para la Soluci\u00f3n de Controversias del Estado; Mar\u00eda Del Roble Elizondo, coordinadora Regional en Nuevo Le\u00f3n de PREVI de USAID.<\/p>\n<p>Tambi\u00e9n fueron invitados Adalberto Elizondo Guerrero, Comisario de la Secretar\u00eda de Seguridad P\u00fablica, Vialidad y Tr\u00e1nsito; Blanca Elia Vargas Garc\u00eda, Secretaria de Educaci\u00f3n y Lucy Campos Alem\u00e1n, Secretar\u00eda del Ayuntamiento y Ang\u00e9lica de la Cruz Mart\u00ednez, directora de M\u00e9todos Alternativos.<\/p>\n<p>El alcalde de Ju\u00e1rez, Francisco H\u00e9ctor Trevi\u00f1o Cant\u00fa, destac\u00f3 la importancia de este tipo de capacitaciones, ya que son las mejores herramientas para poder solucionar los conflictos y situaciones escolares y personales entre profesores, alumnos, padres de familia, y que esta informaci\u00f3n pueda llegar a todos para reducir los \u00edndices de violencia y de inseguridad, recobrando una sociedad de paz.<\/p>\n<p>&nbsp;<\/p>\n","protected":false},"excerpt":{"rendered":"<p>Ju\u00e1rez, N.L.- Con el fin de dar a conocer las herramientas y las dependencias con las que cuenta el Municipio de Ju\u00e1rez en materia de Justicia C\u00edvica y Mediaci\u00f3n, la Secretar\u00eda del Ayuntamiento de esta ciudad, realiz\u00f3 un evento de capacitaci\u00f3n con Directores, Subdirectores e Inspectores de los diferentes planteles educativos. El evento se efectu\u00f3 [&hellip;]<\/p>\n","protected":false},"author":9,"featured_media":32055,"comment_status":"closed","ping_status":"closed","sticky":false,"template":"","format":"standard","meta":{"footnotes":""},"categories":[18],"tags":[4488,3590,4489],"class_list":["post-32054","post","type-post","status-publish","format-standard","has-post-thumbnail","hentry","category-locales-juarez","tag-capacitaciones","tag-juarez-nl","tag-maestros"],"_links":{"self":[{"href":"https:\/\/laultimapalabra.com.mx\/portal\/wp-json\/wp\/v2\/posts\/32054","targetHints":{"allow":["GET"]}}],"collection":[{"href":"https:\/\/laultimapalabra.com.mx\/portal\/wp-json\/wp\/v2\/posts"}],"about":[{"href":"https:\/\/laultimapalabra.com.mx\/portal\/wp-json\/wp\/v2\/types\/post"}],"author":[{"embeddable":true,"href":"https:\/\/laultimapalabra.com.mx\/portal\/wp-json\/wp\/v2\/users\/9"}],"replies":[{"embeddable":true,"href":"https:\/\/laultimapalabra.com.mx\/portal\/wp-json\/wp\/v2\/comments?post=32054"}],"version-history":[{"count":2,"href":"https:\/\/laultimapalabra.com.mx\/portal\/wp-json\/wp\/v2\/posts\/32054\/revisions"}],"predecessor-version":[{"id":78105,"href":"https:\/\/laultimapalabra.com.mx\/portal\/wp-json\/wp\/v2\/posts\/32054\/revisions\/78105"}],"wp:featuredmedia":[{"embeddable":true,"href":"https:\/\/laultimapalabra.com.mx\/portal\/wp-json\/wp\/v2\/media\/32055"}],"wp:attachment":[{"href":"https:\/\/laultimapalabra.com.mx\/portal\/wp-json\/wp\/v2\/media?parent=32054"}],"wp:term":[{"taxonomy":"category","embeddable":true,"href":"https:\/\/laultimapalabra.com.mx\/portal\/wp-json\/wp\/v2\/categories?post=32054"},{"taxonomy":"post_tag","embeddable":true,"href":"https:\/\/laultimapalabra.com.mx\/portal\/wp-json\/wp\/v2\/tags?post=32054"}],"curies":[{"name":"wp","href":"https:\/\/api.w.org\/{rel}","templated":true}]}}