                       {"id":32117,"date":"2022-08-29T14:42:41","date_gmt":"2022-08-29T20:42:41","guid":{"rendered":"https:\/\/laultimapalabra.com.mx\/portal\/?p=32117"},"modified":"2024-12-11T10:36:16","modified_gmt":"2024-12-11T16:36:16","slug":"roban-trailer-con-patrullas-rateros-se-llevan-11-unidades-mas-el-trailer","status":"publish","type":"post","link":"https:\/\/laultimapalabra.com.mx\/portal\/roban-trailer-con-patrullas-rateros-se-llevan-11-unidades-mas-el-trailer\/","title":{"rendered":"Roban trailer con patrullas, rateros se llevan 11 unidades m\u00e1s el trailer"},"content":{"rendered":"<p>Galeana, N.L.- A las primeras horas del jueves 25 de agosto, en la carretera 57 y a la altura del municipio de Galeana, Nuevo Le\u00f3n, roban un tr\u00e1iler con patrullas, el veh\u00edculo de carga transportaba 11 unidades que ser\u00edan utilizados como patrullas en Tijuana.<\/p>\n<p>El robo fue confirmado por fuentes de las Fiscal\u00edas Generales de Coahuila y Nuevo Le\u00f3n.<\/p>\n<p>El pasado viernes fue encontrado el cami\u00f3n de carga en San Luis Potos\u00ed, pero sin las unidades que transportaba y que servir\u00edan para la Polic\u00eda Municipal tijuanense.<\/p>\n<p>Los hechos ocurrieron la madrugada del jueves 25 de agosto, cuando el reporte polic\u00edaco indica que el conductor de la unidad fue asaltado por un comando armado, quien le quit\u00f3 sus pertenencias y luego se llevaron el cami\u00f3n con todo y patrullas.<\/p>\n<p>Los criminales armados viajaban a bordo de un Aveo, cuando de pronto le cerraron el paso y lo obligaron a salir del cami\u00f3n y lo despojaron de la unidad; debido a esto, el conductor camin\u00f3 hasta la caseta de cobro m\u00e1s cercana para poder dar aviso a las autoridades.<\/p>\n<p>&nbsp;<\/p>\n","protected":false},"excerpt":{"rendered":"<p>Galeana, N.L.- A las primeras horas del jueves 25 de agosto, en la carretera 57 y a la altura del municipio de Galeana, Nuevo Le\u00f3n, roban un tr\u00e1iler con patrullas, el veh\u00edculo de carga transportaba 11 unidades que ser\u00edan utilizados como patrullas en Tijuana. El robo fue confirmado por fuentes de las Fiscal\u00edas Generales de [&hellip;]<\/p>\n","protected":false},"author":9,"featured_media":32118,"comment_status":"closed","ping_status":"closed","sticky":false,"template":"","format":"standard","meta":{"footnotes":""},"categories":[15],"tags":[4506,2016,2232],"class_list":["post-32117","post","type-post","status-publish","format-standard","has-post-thumbnail","hentry","category-estado","tag-patrullas","tag-robo","tag-trailer"],"_links":{"self":[{"href":"https:\/\/laultimapalabra.com.mx\/portal\/wp-json\/wp\/v2\/posts\/32117","targetHints":{"allow":["GET"]}}],"collection":[{"href":"https:\/\/laultimapalabra.com.mx\/portal\/wp-json\/wp\/v2\/posts"}],"about":[{"href":"https:\/\/laultimapalabra.com.mx\/portal\/wp-json\/wp\/v2\/types\/post"}],"author":[{"embeddable":true,"href":"https:\/\/laultimapalabra.com.mx\/portal\/wp-json\/wp\/v2\/users\/9"}],"replies":[{"embeddable":true,"href":"https:\/\/laultimapalabra.com.mx\/portal\/wp-json\/wp\/v2\/comments?post=32117"}],"version-history":[{"count":2,"href":"https:\/\/laultimapalabra.com.mx\/portal\/wp-json\/wp\/v2\/posts\/32117\/revisions"}],"predecessor-version":[{"id":78137,"href":"https:\/\/laultimapalabra.com.mx\/portal\/wp-json\/wp\/v2\/posts\/32117\/revisions\/78137"}],"wp:featuredmedia":[{"embeddable":true,"href":"https:\/\/laultimapalabra.com.mx\/portal\/wp-json\/wp\/v2\/media\/32118"}],"wp:attachment":[{"href":"https:\/\/laultimapalabra.com.mx\/portal\/wp-json\/wp\/v2\/media?parent=32117"}],"wp:term":[{"taxonomy":"category","embeddable":true,"href":"https:\/\/laultimapalabra.com.mx\/portal\/wp-json\/wp\/v2\/categories?post=32117"},{"taxonomy":"post_tag","embeddable":true,"href":"https:\/\/laultimapalabra.com.mx\/portal\/wp-json\/wp\/v2\/tags?post=32117"}],"curies":[{"name":"wp","href":"https:\/\/api.w.org\/{rel}","templated":true}]}}