                       {"id":32151,"date":"2022-08-30T13:33:55","date_gmt":"2022-08-30T19:33:55","guid":{"rendered":"https:\/\/laultimapalabra.com.mx\/portal\/?p=32151"},"modified":"2024-12-11T10:36:17","modified_gmt":"2024-12-11T16:36:17","slug":"indemnizaremos-a-familias-de-los-mineros-atrapados-en-coahuila-amlo","status":"publish","type":"post","link":"https:\/\/laultimapalabra.com.mx\/portal\/indemnizaremos-a-familias-de-los-mineros-atrapados-en-coahuila-amlo\/","title":{"rendered":"Indemnizaremos a familias de los mineros atrapados en Coahuila: AMLO"},"content":{"rendered":"<p>Ciudad de M\u00e9xico, 30 ago (EFE).- El Gobierno mexicano indemnizar\u00e1 a las familias de los 10 mineros que quedaron atrapados hace casi un mes en una mina en Coahuila, en el norte del pa\u00eds, pero seguir\u00e1 con el operativo de rescate, afirm\u00f3 este martes el presidente, Andr\u00e9s Manuel L\u00f3pez Obrador.<\/p>\n<p>Pese a la indemnizaci\u00f3n, el mandatario prometi\u00f3 que continuar\u00e1n con el rescate aunque el derrumbe ocurri\u00f3 el 3 de agosto, cuando la mina Pinabete en el municipio de Sabinas se inund\u00f3 tras un derrumbe de una mina contigua abandonada, Conchas Norte.<\/p>\n<p>&nbsp;<\/p>\n<p>Sus declaraciones contrastaron con las de varias hermanas de los mineros, que el lunes hab\u00edan denunciado en declaraciones a medios que el Gobierno detendr\u00eda las labores tras acordar con las esposas de los mineros una indemnizaci\u00f3n.<\/p>\n<p>&#8220;Al mismo tiempo seguimos trabajando para rescatar a los mineros y no vamos a dejar de trabajar, no se va a parar el rescate, no se ha parado, seguimos extrayendo agua de los pozos&#8221;, sostuvo L\u00f3pez Obrador.<\/p>\n<p>&nbsp;<\/p>\n<p>Fuente ABC Noticias\/Nacional<\/p>\n<p>&nbsp;<\/p>\n","protected":false},"excerpt":{"rendered":"<p>Ciudad de M\u00e9xico, 30 ago (EFE).- El Gobierno mexicano indemnizar\u00e1 a las familias de los 10 mineros que quedaron atrapados hace casi un mes en una mina en Coahuila, en el norte del pa\u00eds, pero seguir\u00e1 con el operativo de rescate, afirm\u00f3 este martes el presidente, Andr\u00e9s Manuel L\u00f3pez Obrador. Pese a la indemnizaci\u00f3n, el [&hellip;]<\/p>\n","protected":false},"author":9,"featured_media":32152,"comment_status":"closed","ping_status":"closed","sticky":false,"template":"","format":"standard","meta":{"footnotes":""},"categories":[19],"tags":[124,593,4515],"class_list":["post-32151","post","type-post","status-publish","format-standard","has-post-thumbnail","hentry","category-nacional","tag-amlo","tag-coahuila","tag-indemnizaran-a-familia-de-atrapados"],"_links":{"self":[{"href":"https:\/\/laultimapalabra.com.mx\/portal\/wp-json\/wp\/v2\/posts\/32151","targetHints":{"allow":["GET"]}}],"collection":[{"href":"https:\/\/laultimapalabra.com.mx\/portal\/wp-json\/wp\/v2\/posts"}],"about":[{"href":"https:\/\/laultimapalabra.com.mx\/portal\/wp-json\/wp\/v2\/types\/post"}],"author":[{"embeddable":true,"href":"https:\/\/laultimapalabra.com.mx\/portal\/wp-json\/wp\/v2\/users\/9"}],"replies":[{"embeddable":true,"href":"https:\/\/laultimapalabra.com.mx\/portal\/wp-json\/wp\/v2\/comments?post=32151"}],"version-history":[{"count":2,"href":"https:\/\/laultimapalabra.com.mx\/portal\/wp-json\/wp\/v2\/posts\/32151\/revisions"}],"predecessor-version":[{"id":78155,"href":"https:\/\/laultimapalabra.com.mx\/portal\/wp-json\/wp\/v2\/posts\/32151\/revisions\/78155"}],"wp:featuredmedia":[{"embeddable":true,"href":"https:\/\/laultimapalabra.com.mx\/portal\/wp-json\/wp\/v2\/media\/32152"}],"wp:attachment":[{"href":"https:\/\/laultimapalabra.com.mx\/portal\/wp-json\/wp\/v2\/media?parent=32151"}],"wp:term":[{"taxonomy":"category","embeddable":true,"href":"https:\/\/laultimapalabra.com.mx\/portal\/wp-json\/wp\/v2\/categories?post=32151"},{"taxonomy":"post_tag","embeddable":true,"href":"https:\/\/laultimapalabra.com.mx\/portal\/wp-json\/wp\/v2\/tags?post=32151"}],"curies":[{"name":"wp","href":"https:\/\/api.w.org\/{rel}","templated":true}]}}