                       {"id":32380,"date":"2022-09-07T13:05:25","date_gmt":"2022-09-07T19:05:25","guid":{"rendered":"https:\/\/laultimapalabra.com.mx\/portal\/?p=32380"},"modified":"2024-12-11T10:36:19","modified_gmt":"2024-12-11T16:36:19","slug":"tiene-mas-de-dos-anos-sin-luz-jardin-de-ninos-en-san-antonio","status":"publish","type":"post","link":"https:\/\/laultimapalabra.com.mx\/portal\/tiene-mas-de-dos-anos-sin-luz-jardin-de-ninos-en-san-antonio\/","title":{"rendered":"Tiene m\u00e1s de dos a\u00f1os sin luz, Jardin de Ni\u00f1os en San Antonio"},"content":{"rendered":"<p>Ju\u00e1rez, N.L.- Madres de familia del Jardin de Ni\u00f1os Consuelo Rosas Recio, ubicado en la colonia San Antonio, reportaron que tienen m\u00e1s de dos a\u00f1os sin energ\u00eda el\u00e9ctrica en sus instalaciones, por lo que piden la intervenci\u00f3n ya de las autoridades, pues aseguran que hace dos a\u00f1os les robaron el medidor y que desde entonces no han podido reconectar la energ\u00eda el\u00e9ctrica.<\/p>\n<p>A pesar de la situaci\u00f3n, no se ha acercado la Comisi\u00f3n Federal de Electricidad y aseguran que los ni\u00f1os est\u00e1n padeciendo por la falta de abanicos, el calor, etc.<\/p>\n<p>Dicen las quejosas que si no hay respuesta pronto cerrar\u00e1n avenidas, calles y har\u00e1n medidas de presi\u00f3n pues les parece injusta la situaci\u00f3n.<\/p>\n<p>Tambi\u00e9n mencionaron que hace tiempo se &#8220;colgaron&#8221; de la luz y ah\u00ed s\u00ed, la CFE hizo acto de presencia y les impuso una multa muy elevada contrario a esta situaci\u00f3n que actualmente les aqueja.<\/p>\n<p>&nbsp;<\/p>\n","protected":false},"excerpt":{"rendered":"<p>Ju\u00e1rez, N.L.- Madres de familia del Jardin de Ni\u00f1os Consuelo Rosas Recio, ubicado en la colonia San Antonio, reportaron que tienen m\u00e1s de dos a\u00f1os sin energ\u00eda el\u00e9ctrica en sus instalaciones, por lo que piden la intervenci\u00f3n ya de las autoridades, pues aseguran que hace dos a\u00f1os les robaron el medidor y que desde entonces [&hellip;]<\/p>\n","protected":false},"author":9,"featured_media":32381,"comment_status":"closed","ping_status":"closed","sticky":false,"template":"","format":"standard","meta":{"footnotes":""},"categories":[18],"tags":[4570,3590,4569],"class_list":["post-32380","post","type-post","status-publish","format-standard","has-post-thumbnail","hentry","category-locales-juarez","tag-jardin-de-ninos","tag-juarez-nl","tag-tienen-mas-de-dos-anos-sin-luz"],"_links":{"self":[{"href":"https:\/\/laultimapalabra.com.mx\/portal\/wp-json\/wp\/v2\/posts\/32380","targetHints":{"allow":["GET"]}}],"collection":[{"href":"https:\/\/laultimapalabra.com.mx\/portal\/wp-json\/wp\/v2\/posts"}],"about":[{"href":"https:\/\/laultimapalabra.com.mx\/portal\/wp-json\/wp\/v2\/types\/post"}],"author":[{"embeddable":true,"href":"https:\/\/laultimapalabra.com.mx\/portal\/wp-json\/wp\/v2\/users\/9"}],"replies":[{"embeddable":true,"href":"https:\/\/laultimapalabra.com.mx\/portal\/wp-json\/wp\/v2\/comments?post=32380"}],"version-history":[{"count":2,"href":"https:\/\/laultimapalabra.com.mx\/portal\/wp-json\/wp\/v2\/posts\/32380\/revisions"}],"predecessor-version":[{"id":78265,"href":"https:\/\/laultimapalabra.com.mx\/portal\/wp-json\/wp\/v2\/posts\/32380\/revisions\/78265"}],"wp:featuredmedia":[{"embeddable":true,"href":"https:\/\/laultimapalabra.com.mx\/portal\/wp-json\/wp\/v2\/media\/32381"}],"wp:attachment":[{"href":"https:\/\/laultimapalabra.com.mx\/portal\/wp-json\/wp\/v2\/media?parent=32380"}],"wp:term":[{"taxonomy":"category","embeddable":true,"href":"https:\/\/laultimapalabra.com.mx\/portal\/wp-json\/wp\/v2\/categories?post=32380"},{"taxonomy":"post_tag","embeddable":true,"href":"https:\/\/laultimapalabra.com.mx\/portal\/wp-json\/wp\/v2\/tags?post=32380"}],"curies":[{"name":"wp","href":"https:\/\/api.w.org\/{rel}","templated":true}]}}