                       {"id":32523,"date":"2022-09-12T13:37:27","date_gmt":"2022-09-12T19:37:27","guid":{"rendered":"https:\/\/laultimapalabra.com.mx\/portal\/?p=32523"},"modified":"2024-12-11T10:36:21","modified_gmt":"2024-12-11T16:36:21","slug":"amlo-a-favor-de-la-propuesta-del-pri-sobre-ampliar-presencia-de-fa","status":"publish","type":"post","link":"https:\/\/laultimapalabra.com.mx\/portal\/amlo-a-favor-de-la-propuesta-del-pri-sobre-ampliar-presencia-de-fa\/","title":{"rendered":"AMLO, a favor de la propuesta del PRI sobre ampliar presencia de FA"},"content":{"rendered":"<p><span style=\"font-size: 1rem;\">CDMX.- El presidente Andr\u00e9s Manuel L\u00f3pez Obrador se dijo en favor de la propuesta de los diputados del PRI para ampliar la presencia de las fuerzas armadas para colaborar en las labores de seguridad p\u00fablica en el pa\u00eds.<\/span><\/p>\n<p>Critic\u00f3 la \u201chipocres\u00eda\u201d de algunos sectores de la oposici\u00f3n que en administraciones pasadas permitieron las violaciones a los derechos humanos, al igual que la \u201calcahueter\u00eda\u201d de las agencias en la materia tanto de la Organizaci\u00f3n de las Naciones Unidas (ONU) como de la Organizaci\u00f3n de Estados Americanos (OEA) \u201cque en su momento guardaron silencio\u201d e inclusive, por ejemplo, no han hecho nada en favor de la libertad de Julian Assange, fundador de WikiLeaks, reclamado por Estados Unidos para ser juzgado por delitos de espionaje.<\/p>\n<p>Pidi\u00f3 a los gobernadores pronunciarse si la presencia de la Guardia Nacional, del Ej\u00e9rcito y la Marina les ha ayudado o no para contrarrestar la inseguridad en sus estados.<\/p>\n<p>Interrogado en la ma\u00f1anera de este lunes sobre la propuesta de reforma constitucional presentada por la bancada del PRI en la C\u00e1mara de Diputados para ampliar hasta 2028 la presencia de las fuerzas armadas en tareas de seguridad p\u00fablica \u2013que cuyo plazo est\u00e1 previsto en la carta magna hasta 2024\u2014, el mandatario federal se dijo en favor e inclusive dijo que en caso que esto se apruebe, un a\u00f1o antes, en 2027, se haga una consulta ciudadana para determinar si se da un nuevo plazo o no.<\/p>\n<p>&nbsp;<\/p>\n","protected":false},"excerpt":{"rendered":"<p>CDMX.- El presidente Andr\u00e9s Manuel L\u00f3pez Obrador se dijo en favor de la propuesta de los diputados del PRI para ampliar la presencia de las fuerzas armadas para colaborar en las labores de seguridad p\u00fablica en el pa\u00eds. Critic\u00f3 la \u201chipocres\u00eda\u201d de algunos sectores de la oposici\u00f3n que en administraciones pasadas permitieron las violaciones a [&hellip;]<\/p>\n","protected":false},"author":9,"featured_media":32524,"comment_status":"closed","ping_status":"closed","sticky":false,"template":"","format":"standard","meta":{"footnotes":""},"categories":[15],"tags":[124,3020],"class_list":["post-32523","post","type-post","status-publish","format-standard","has-post-thumbnail","hentry","category-estado","tag-amlo","tag-pri"],"_links":{"self":[{"href":"https:\/\/laultimapalabra.com.mx\/portal\/wp-json\/wp\/v2\/posts\/32523","targetHints":{"allow":["GET"]}}],"collection":[{"href":"https:\/\/laultimapalabra.com.mx\/portal\/wp-json\/wp\/v2\/posts"}],"about":[{"href":"https:\/\/laultimapalabra.com.mx\/portal\/wp-json\/wp\/v2\/types\/post"}],"author":[{"embeddable":true,"href":"https:\/\/laultimapalabra.com.mx\/portal\/wp-json\/wp\/v2\/users\/9"}],"replies":[{"embeddable":true,"href":"https:\/\/laultimapalabra.com.mx\/portal\/wp-json\/wp\/v2\/comments?post=32523"}],"version-history":[{"count":2,"href":"https:\/\/laultimapalabra.com.mx\/portal\/wp-json\/wp\/v2\/posts\/32523\/revisions"}],"predecessor-version":[{"id":78341,"href":"https:\/\/laultimapalabra.com.mx\/portal\/wp-json\/wp\/v2\/posts\/32523\/revisions\/78341"}],"wp:featuredmedia":[{"embeddable":true,"href":"https:\/\/laultimapalabra.com.mx\/portal\/wp-json\/wp\/v2\/media\/32524"}],"wp:attachment":[{"href":"https:\/\/laultimapalabra.com.mx\/portal\/wp-json\/wp\/v2\/media?parent=32523"}],"wp:term":[{"taxonomy":"category","embeddable":true,"href":"https:\/\/laultimapalabra.com.mx\/portal\/wp-json\/wp\/v2\/categories?post=32523"},{"taxonomy":"post_tag","embeddable":true,"href":"https:\/\/laultimapalabra.com.mx\/portal\/wp-json\/wp\/v2\/tags?post=32523"}],"curies":[{"name":"wp","href":"https:\/\/api.w.org\/{rel}","templated":true}]}}